{"id":1114,"date":"2023-12-04T10:30:05","date_gmt":"2023-12-04T10:30:05","guid":{"rendered":"https:\/\/yogapetra.de\/?p=1114"},"modified":"2023-12-04T10:30:07","modified_gmt":"2023-12-04T10:30:07","slug":"rauhnaechte-2022-2023","status":"publish","type":"post","link":"https:\/\/yogapetra.de\/en\/rauhnaechte-2022-2023\/","title":{"rendered":"Rauhn\u00e4chte 2023\/2024"},"content":{"rendered":"<p><span><img decoding=\"async\" alt=\"\" data-id=\"1115\" data-init-width=\"612\" data-init-height=\"408\" title=\"Rauhn\u00e4chte 2022\/2023\" loading=\"lazy\" src=\"https:\/\/yogapetra.de\/wp-content\/uploads\/2022\/12\/istockphoto-1281424275-612x612-1.jpg\" data-width=\"807\" style=\"aspect-ratio: auto 612 \/ 408;\" width=\"807\" height=\"408\"><\/span><\/p>\n<p><strong>Rauhn\u00e4chte 2023\/2024<\/strong><\/p>\n<p><strong>rituals and instructions<\/strong> &nbsp;<\/p>\n<p>In most areas, the Rauhn\u00e4chten begin on the night of December 24th to 25th.<\/p>\n<p>In other countries they begin with the winter solstice on December 21st. <\/p>\n<p>A Rauhnacht always lasts from midnight to midnight and is therefore a whole day. <\/p>\n<p>There are an incredible number of stories, old folk beliefs and rules for this time. The Rauhn\u00e4chte have been celebrated for thousands of years, even by the Germanic and Celtic tribes. They are the special &quot;time between the years&quot; because this is where the lunar year and the solar year meet. A lunar year has 354 days and is based on the course of the moon, and a solar year, as you already know, has 365 days. The difference here is exactly 11 days and 12 nights, the Rauhn\u00e4chte.<\/p>\n<p>Our ancestors believed that during this time the gates to other dimensions were wide open. <\/p>\n<p>It was believed that during this period fate was re-spun and people hoped to be able to have a positive influence on it. <\/p>\n<p>People also hoped to receive signs for the coming year, as each Rauhnacht represents a month in the coming year: the first for January, the second for February, the third for March, etc. <\/p>\n<p>Thus, dreams during these nights were given special meaning, oracles were cast and spiritual rituals were practiced. <\/p>\n<p>People also helped each other during the darkest time of the year and had hope, as the light was now becoming more powerful every day. The winter solstice on December 21st is the darkest night of the year and from this point on, the days slowly start to get longer again. Since our ancestors were very connected to nature, this was a sacred time for them. <\/p>\n<p>The first Rauhnacht is the <strong>December 25th<\/strong>. <\/p>\n<p>It is in the topic <strong>self-love<\/strong>A wonderful self-love meditation is suitable here and you can ask yourself the following questions: Where am I still too critical of myself? Where can I give myself more love? How can I do something good for myself today? <\/p>\n<p>The second Rauhnacht is the <strong>December 26th<\/strong>. It deals with the topic <strong>release<\/strong>.<\/p>\n<p>Questions you can ask yourself are: What do I no longer want in my life? What am I still holding on to that is not good for me? How can I best let go? How can I lovingly support myself in the process of letting go? <\/p>\n<p>The third Rauhnacht is the<strong> December 27th<\/strong>.It deals with <strong>the power that lies within you<\/strong> and how you can activate them. <\/p>\n<p>This rough night represents March in the coming year, when nature shows its power. Everything sprouts and begins to bloom. The earth is broken open. You too carry a very powerful part within you that you can connect with today. <\/p>\n<p>Questions you can ask yourself here are: Where am I still limiting myself too much? In which areas of life am I not fully at my strength? How can I change that? What are the first steps to do that? <\/p>\n<p align=\"JUSTIFY\">The fourth Rauhnacht is the <strong>December 28th<\/strong>The topic here is the <strong>connection to your inner world<\/strong>.<\/p>\n<p align=\"JUSTIFY\">What is going on inside me right now? What am I feeling? What am I thinking? I am not my thoughts, so how can I distance myself from them even better? <\/p>\n<p align=\"JUSTIFY\">The fifth Rauhnacht is the&nbsp;<strong>December 29th<\/strong>. Do a beautiful meditation on this day to<strong>heart&#039;s vision<\/strong>for the new year. <\/p>\n<p align=\"JUSTIFY\">What you can do is listen to your heart and ask yourself: If everything is possible, how do I want my life to be? Who is with me? What do I do? Where do I live? <\/p>\n<p>The sixth Rauhnacht is the <strong>December 30th<\/strong> It deals with<strong>the wonders that surround us,<\/strong> which we unfortunately often take for granted. <\/p>\n<p>Questions you can ask yourself are: What wonders surround me? How can I perceive these wonders more consciously? <\/p>\n<p>The seventh Rauhnacht is the <strong>December 31st<\/strong>This Rauhnacht deals with the <strong>abundance in your life<\/strong>. Celebrate the abundance in your life on this day.<\/p>\n<p>Questions that can help you are: What is abundance for me? What gives me a feeling of abundance in my life? How can I perceive this abundance even more? <\/p>\n<p>The eighth Rauhnacht is the <strong>January 1st<\/strong>. New Year&#039;s Day deals with <strong>your own unique path<\/strong>. <\/p>\n<p>Questions you can ask yourself are: What defines me? What are my strengths? What gives me joy? Which path do I want to take? Are there things that are holding me back? If so, why? How can I take the first step? <\/p>\n<p>The ninth Rauhnacht is the <strong>January 2nd<\/strong> This Rauhnacht deals with <strong>a source of positive emotions<\/strong>that you carry within you. <\/p>\n<p>Questions you can ask yourself on this rough night are: Where am I still looking for happiness outside? What positive feelings am I still looking for outside? How can I give them to myself? <\/p>\n<p>The tenth Rauhnacht is the <strong>January 3rd<\/strong>. It deals with the <strong>Topic Power of Manifestation<\/strong> <\/p>\n<p>Questions you can ask yourself are: Do I know how manifesting works? What wish would I like to manifest? <\/p>\n<p>The eleventh Rauhnacht is the <strong>January 4th<\/strong>. It deals with <strong>your inner wisdom<\/strong>. <\/p>\n<p>You can ask yourself questions on this day, such as: When do I follow my intuition? When not? How can I feel the difference even better? What are the signs that I am following my mind? What are the signs that it is my inner voice? What situations in my life have shown me the difference? <\/p>\n<p>The twelfth Rauhnacht is the <strong>January 5th<\/strong>This Rauhnacht is dedicated to the <strong>topic of gratitude<\/strong>. <\/p>\n<p>Gratitude is one of the most important emotions and it can have a direct impact on increasing your well-being. <\/p>\n<p>Questions you can ask yourself on this day are: What am I grateful for in my life? How can I feel this gratitude more often? <\/p>\n<p style=\"\">Rauhn\u00e4chte Ritual- The Book Ritual<\/p>\n<p><span style=\"font-size: 18px;\">Get yourself a nice empty notebook and write down your thoughts about the individual Rauhn\u00e4chten, your dreams, wishes, visions and whatever else moves you in the book every evening.&nbsp;<\/span><\/p>\n<p style=\"\"><span><span style=\"font-size: 18px;\">These can be the answers to questions you ask yourself, they can also be encounters in everyday life or symbols from nature.&nbsp;<\/span><\/span><\/p>\n<p><span style=\"font-size: 18px;\">Each Rauhnacht represents a month in the next year - the night of December 24th to 25th for January, the night of December 25th to 26th for February and so on. If you write something in the book every day and read it again in the next year in the respective month, you will be surprised and delighted at the parallels you find!<\/span><\/p>\n<p style=\"\"><span style=\"font-size: 18px;\">Rauhn\u00e4chte Ritual: The 3 Biggest Wishes<\/span><\/p>\n<p><span style=\"font-size: 18px;\">When you think about your wishes for the coming year, ask yourself which three wishes are particularly important to you? <\/span><\/p>\n<p style=\"\"><span style=\"font-size: 18px;\">You can now manifest these particularly well by putting them in written form in a small box. You open the box exactly one year later. Be excited to see how the universe listens and fulfills your wishes.<\/span><\/p>\n<h2 style=\"\"><span style=\"font-size: 18px;\">Rauhn\u00e4chte Ritual: Initiate the Ritual of Forgiveness<\/span><\/h2>\n<p>There are some people or situations that we cannot forget, cannot let go of, but carry inside us - sometimes for decades - even though they are associated with suffering. Most of the time, it is not love that binds us to the past, but anger or rage, and the decision not to forgive the other person (yet).<\/p>\n<p>Vergebung ist eine der h\u00f6chsten spirituellen Disziplinen im menschlichen Dasein. Denn der Verstand memoriert alles, wirklich alles, und h\u00e4lt daran als Erfahrungswissen fest \u2013 auch wenn es nicht im aktiven Bewusstsein, sondern im (in den Archiven unserer Vergangenheit, wie ich sie nenne) aufbewahrt wird. <\/p>\n<p><span style=\"font-size: 18px;\">In our joint yoga class we practice<\/span>&nbsp;Heart and hip opening yoga sequence which can help you to accept the past as having happened and then let it go \u2013 it supports you in the process of forgiveness <\/p>\n<h1 style=\"\"><strong>Rauhn\u00e4chte ritual: celebrating the transition into the new year<\/strong><\/h1>\n<p style=\"\">There are many rituals surrounding the last day of the year (which is dedicated to the Roman Pope Sylvester). This night represents the banishment of the spirit of the old year - and the hopeful joy of the coming year.<\/p>\n<p>Take advantage of this night of transition and celebrate a special New Year\u2019s Eve this year! <\/p>\n<ol>\n<li>You can prepare for this special evening by taking a bath and not only symbolically washing away everything old. (* I will gladly send you the mixture for the healing herbal bath. Send an email to <a href=\"mailto:yoga@yogapetra.de\" style=\"outline: none;\">yoga@yogapetra.de<\/a>&nbsp; Password: herbal bath!)<\/li>\n<li>Danach ziehst du am Silvesterabend rote Unterw\u00e4sche an \u2013 das verhei\u00dft laut italienischer Tradition gl\u00fcckliche Liebesn\u00e4chte f\u00fcr das neue Jahr&#8230;&nbsp;<\/li>\n<li>If you want to honor your home with the spirits of nature, place a plate with small foods such as nuts outside by a tree. <\/li>\n<li>Now focus your awareness on the fact that everything is possible, that all your dreams can come true in the new year. <\/li>\n<\/ol>\n<p>I wish you fulfilling Rauhn\u00e4chte, a healthy, happy and fulfilling year 2023.<\/p>\n<p>Namast\u00e9 Petra<\/p>\n<\/p>\n<p>Quellen:www.istockphoto.com\/overlocknaehmaschine<\/p>","protected":false},"excerpt":{"rendered":"<p>There are an incredible number of stories, ancient folk beliefs, and rules for this time of year. The Rauhn\u00e4chte (Twelve Nights) have been celebrated for thousands of years, even among the Germanic and Celtic tribes. They are the special &quot;time between the years,&quot; because this is when the lunar and solar years converge.<\/p>","protected":false},"author":3,"featured_media":1116,"comment_status":"open","ping_status":"closed","sticky":false,"template":"","format":"standard","meta":{"footnotes":""},"categories":[46],"tags":[48],"class_list":["post-1114","post","type-post","status-publish","format-standard","has-post-thumbnail","hentry","category-yoga-im-winter","tag-rauhnaechte-yoga-winter-rituale","post-wrapper","thrv_wrapper"],"yoast_head":"<!-- This site is optimized with the Yoast SEO plugin v27.4 - https:\/\/yoast.com\/product\/yoast-seo-wordpress\/ -->\n<title>Rauhn\u00e4chte 2023\/2024 - Yoga mit Petra<\/title>\n<meta name=\"description\" content=\"Rauhn\u00e4chte 2023\/2024 Rituale und Anleitungen. Die Rauhn\u00e4chte beginnen in den meisten Gebieten in der Nacht vom 24. auf den 25. Dezember.\" \/>\n<meta name=\"robots\" content=\"index, follow, max-snippet:-1, max-image-preview:large, max-video-preview:-1\" \/>\n<link rel=\"canonical\" href=\"https:\/\/yogapetra.de\/en\/rauhnaechte-2022-2023\/\" \/>\n<meta property=\"og:locale\" content=\"en_GB\" \/>\n<meta property=\"og:type\" content=\"article\" \/>\n<meta property=\"og:title\" content=\"Rauhn\u00e4chte 2023\/2024 - Yoga mit Petra\" \/>\n<meta property=\"og:description\" content=\"Rauhn\u00e4chte 2023\/2024 Rituale und Anleitungen. Die Rauhn\u00e4chte beginnen in den meisten Gebieten in der Nacht vom 24. auf den 25. Dezember.\" \/>\n<meta property=\"og:url\" content=\"https:\/\/yogapetra.de\/en\/rauhnaechte-2022-2023\/\" \/>\n<meta property=\"og:site_name\" content=\"Yoga mit Petra\" \/>\n<meta property=\"article:published_time\" content=\"2023-12-04T10:30:05+00:00\" \/>\n<meta property=\"article:modified_time\" content=\"2023-12-04T10:30:07+00:00\" \/>\n<meta property=\"og:image\" content=\"https:\/\/yogapetra.de\/wp-content\/uploads\/2022\/12\/leaf-6897520__340.jpg\" \/>\n\t<meta property=\"og:image:width\" content=\"604\" \/>\n\t<meta property=\"og:image:height\" content=\"340\" \/>\n\t<meta property=\"og:image:type\" content=\"image\/jpeg\" \/>\n<meta name=\"author\" content=\"Petra Schr\u00f6ttle\" \/>\n<meta name=\"twitter:card\" content=\"summary_large_image\" \/>\n<meta name=\"twitter:label1\" content=\"Written by\" \/>\n\t<meta name=\"twitter:data1\" content=\"Petra Schr\u00f6ttle\" \/>\n\t<meta name=\"twitter:label2\" content=\"Estimated reading time\" \/>\n\t<meta name=\"twitter:data2\" content=\"9 minutes\" \/>\n<script type=\"application\/ld+json\" class=\"yoast-schema-graph\">{\"@context\":\"https:\\\/\\\/schema.org\",\"@graph\":[{\"@type\":\"Article\",\"@id\":\"https:\\\/\\\/yogapetra.de\\\/rauhnaechte-2022-2023\\\/#article\",\"isPartOf\":{\"@id\":\"https:\\\/\\\/yogapetra.de\\\/rauhnaechte-2022-2023\\\/\"},\"author\":{\"name\":\"Petra Schr\u00f6ttle\",\"@id\":\"https:\\\/\\\/yogapetra.de\\\/#\\\/schema\\\/person\\\/bf2a75413e4ee07ed1e9a68e23504f34\"},\"headline\":\"Rauhn\u00e4chte 2023\\\/2024\",\"datePublished\":\"2023-12-04T10:30:05+00:00\",\"dateModified\":\"2023-12-04T10:30:07+00:00\",\"mainEntityOfPage\":{\"@id\":\"https:\\\/\\\/yogapetra.de\\\/rauhnaechte-2022-2023\\\/\"},\"wordCount\":1535,\"commentCount\":0,\"image\":{\"@id\":\"https:\\\/\\\/yogapetra.de\\\/rauhnaechte-2022-2023\\\/#primaryimage\"},\"thumbnailUrl\":\"https:\\\/\\\/yogapetra.de\\\/wp-content\\\/uploads\\\/2022\\\/12\\\/leaf-6897520__340.jpg\",\"keywords\":[\"Rauhn\u00e4chte; Yoga; Winter; Rituale;\"],\"articleSection\":[\"Yoga im Winter\"],\"inLanguage\":\"en-GB\",\"potentialAction\":[{\"@type\":\"CommentAction\",\"name\":\"Comment\",\"target\":[\"https:\\\/\\\/yogapetra.de\\\/rauhnaechte-2022-2023\\\/#respond\"]}]},{\"@type\":\"WebPage\",\"@id\":\"https:\\\/\\\/yogapetra.de\\\/rauhnaechte-2022-2023\\\/\",\"url\":\"https:\\\/\\\/yogapetra.de\\\/rauhnaechte-2022-2023\\\/\",\"name\":\"Rauhn\u00e4chte 2023\\\/2024 - Yoga mit Petra\",\"isPartOf\":{\"@id\":\"https:\\\/\\\/yogapetra.de\\\/#website\"},\"primaryImageOfPage\":{\"@id\":\"https:\\\/\\\/yogapetra.de\\\/rauhnaechte-2022-2023\\\/#primaryimage\"},\"image\":{\"@id\":\"https:\\\/\\\/yogapetra.de\\\/rauhnaechte-2022-2023\\\/#primaryimage\"},\"thumbnailUrl\":\"https:\\\/\\\/yogapetra.de\\\/wp-content\\\/uploads\\\/2022\\\/12\\\/leaf-6897520__340.jpg\",\"datePublished\":\"2023-12-04T10:30:05+00:00\",\"dateModified\":\"2023-12-04T10:30:07+00:00\",\"author\":{\"@id\":\"https:\\\/\\\/yogapetra.de\\\/#\\\/schema\\\/person\\\/bf2a75413e4ee07ed1e9a68e23504f34\"},\"description\":\"Rauhn\u00e4chte 2023\\\/2024 Rituale und Anleitungen. Die Rauhn\u00e4chte beginnen in den meisten Gebieten in der Nacht vom 24. auf den 25. Dezember.\",\"breadcrumb\":{\"@id\":\"https:\\\/\\\/yogapetra.de\\\/rauhnaechte-2022-2023\\\/#breadcrumb\"},\"inLanguage\":\"en-GB\",\"potentialAction\":[{\"@type\":\"ReadAction\",\"target\":[\"https:\\\/\\\/yogapetra.de\\\/rauhnaechte-2022-2023\\\/\"]}]},{\"@type\":\"ImageObject\",\"inLanguage\":\"en-GB\",\"@id\":\"https:\\\/\\\/yogapetra.de\\\/rauhnaechte-2022-2023\\\/#primaryimage\",\"url\":\"https:\\\/\\\/yogapetra.de\\\/wp-content\\\/uploads\\\/2022\\\/12\\\/leaf-6897520__340.jpg\",\"contentUrl\":\"https:\\\/\\\/yogapetra.de\\\/wp-content\\\/uploads\\\/2022\\\/12\\\/leaf-6897520__340.jpg\",\"width\":604,\"height\":340},{\"@type\":\"BreadcrumbList\",\"@id\":\"https:\\\/\\\/yogapetra.de\\\/rauhnaechte-2022-2023\\\/#breadcrumb\",\"itemListElement\":[{\"@type\":\"ListItem\",\"position\":1,\"name\":\"Startseite\",\"item\":\"https:\\\/\\\/yogapetra.de\\\/\"},{\"@type\":\"ListItem\",\"position\":2,\"name\":\"Rauhn\u00e4chte 2023\\\/2024\"}]},{\"@type\":\"WebSite\",\"@id\":\"https:\\\/\\\/yogapetra.de\\\/#website\",\"url\":\"https:\\\/\\\/yogapetra.de\\\/\",\"name\":\"Yoga mit Petra\",\"description\":\"Dein Yoga in Donauw\u00f6rth\",\"potentialAction\":[{\"@type\":\"SearchAction\",\"target\":{\"@type\":\"EntryPoint\",\"urlTemplate\":\"https:\\\/\\\/yogapetra.de\\\/?s={search_term_string}\"},\"query-input\":{\"@type\":\"PropertyValueSpecification\",\"valueRequired\":true,\"valueName\":\"search_term_string\"}}],\"inLanguage\":\"en-GB\"},{\"@type\":\"Person\",\"@id\":\"https:\\\/\\\/yogapetra.de\\\/#\\\/schema\\\/person\\\/bf2a75413e4ee07ed1e9a68e23504f34\",\"name\":\"Petra Schr\u00f6ttle\",\"image\":{\"@type\":\"ImageObject\",\"inLanguage\":\"en-GB\",\"@id\":\"https:\\\/\\\/yogapetra.de\\\/wp-content\\\/litespeed\\\/avatar\\\/683b0749e777bf69b5a065af03aa7b3c.jpg?ver=1777219082\",\"url\":\"https:\\\/\\\/yogapetra.de\\\/wp-content\\\/litespeed\\\/avatar\\\/683b0749e777bf69b5a065af03aa7b3c.jpg?ver=1777219082\",\"contentUrl\":\"https:\\\/\\\/yogapetra.de\\\/wp-content\\\/litespeed\\\/avatar\\\/683b0749e777bf69b5a065af03aa7b3c.jpg?ver=1777219082\",\"caption\":\"Petra Schr\u00f6ttle\"},\"url\":\"https:\\\/\\\/yogapetra.de\\\/en\\\/author\\\/petra_6635\\\/\"}]}<\/script>\n<!-- \/ Yoast SEO plugin. -->","yoast_head_json":{"title":"Rauhn\u00e4chte 2023\/2024 - Yoga mit Petra","description":"Rauhn\u00e4chte 2023\/2024 Rituale und Anleitungen. Die Rauhn\u00e4chte beginnen in den meisten Gebieten in der Nacht vom 24. auf den 25. Dezember.","robots":{"index":"index","follow":"follow","max-snippet":"max-snippet:-1","max-image-preview":"max-image-preview:large","max-video-preview":"max-video-preview:-1"},"canonical":"https:\/\/yogapetra.de\/en\/rauhnaechte-2022-2023\/","og_locale":"en_GB","og_type":"article","og_title":"Rauhn\u00e4chte 2023\/2024 - Yoga mit Petra","og_description":"Rauhn\u00e4chte 2023\/2024 Rituale und Anleitungen. Die Rauhn\u00e4chte beginnen in den meisten Gebieten in der Nacht vom 24. auf den 25. Dezember.","og_url":"https:\/\/yogapetra.de\/en\/rauhnaechte-2022-2023\/","og_site_name":"Yoga mit Petra","article_published_time":"2023-12-04T10:30:05+00:00","article_modified_time":"2023-12-04T10:30:07+00:00","og_image":[{"width":604,"height":340,"url":"https:\/\/yogapetra.de\/wp-content\/uploads\/2022\/12\/leaf-6897520__340.jpg","type":"image\/jpeg"}],"author":"Petra Schr\u00f6ttle","twitter_card":"summary_large_image","twitter_misc":{"Written by":"Petra Schr\u00f6ttle","Estimated reading time":"9 minutes"},"schema":{"@context":"https:\/\/schema.org","@graph":[{"@type":"Article","@id":"https:\/\/yogapetra.de\/rauhnaechte-2022-2023\/#article","isPartOf":{"@id":"https:\/\/yogapetra.de\/rauhnaechte-2022-2023\/"},"author":{"name":"Petra Schr\u00f6ttle","@id":"https:\/\/yogapetra.de\/#\/schema\/person\/bf2a75413e4ee07ed1e9a68e23504f34"},"headline":"Rauhn\u00e4chte 2023\/2024","datePublished":"2023-12-04T10:30:05+00:00","dateModified":"2023-12-04T10:30:07+00:00","mainEntityOfPage":{"@id":"https:\/\/yogapetra.de\/rauhnaechte-2022-2023\/"},"wordCount":1535,"commentCount":0,"image":{"@id":"https:\/\/yogapetra.de\/rauhnaechte-2022-2023\/#primaryimage"},"thumbnailUrl":"https:\/\/yogapetra.de\/wp-content\/uploads\/2022\/12\/leaf-6897520__340.jpg","keywords":["Rauhn\u00e4chte; Yoga; Winter; Rituale;"],"articleSection":["Yoga im Winter"],"inLanguage":"en-GB","potentialAction":[{"@type":"CommentAction","name":"Comment","target":["https:\/\/yogapetra.de\/rauhnaechte-2022-2023\/#respond"]}]},{"@type":"WebPage","@id":"https:\/\/yogapetra.de\/rauhnaechte-2022-2023\/","url":"https:\/\/yogapetra.de\/rauhnaechte-2022-2023\/","name":"Rauhn\u00e4chte 2023\/2024 - Yoga mit Petra","isPartOf":{"@id":"https:\/\/yogapetra.de\/#website"},"primaryImageOfPage":{"@id":"https:\/\/yogapetra.de\/rauhnaechte-2022-2023\/#primaryimage"},"image":{"@id":"https:\/\/yogapetra.de\/rauhnaechte-2022-2023\/#primaryimage"},"thumbnailUrl":"https:\/\/yogapetra.de\/wp-content\/uploads\/2022\/12\/leaf-6897520__340.jpg","datePublished":"2023-12-04T10:30:05+00:00","dateModified":"2023-12-04T10:30:07+00:00","author":{"@id":"https:\/\/yogapetra.de\/#\/schema\/person\/bf2a75413e4ee07ed1e9a68e23504f34"},"description":"Rauhn\u00e4chte 2023\/2024 Rituale und Anleitungen. Die Rauhn\u00e4chte beginnen in den meisten Gebieten in der Nacht vom 24. auf den 25. Dezember.","breadcrumb":{"@id":"https:\/\/yogapetra.de\/rauhnaechte-2022-2023\/#breadcrumb"},"inLanguage":"en-GB","potentialAction":[{"@type":"ReadAction","target":["https:\/\/yogapetra.de\/rauhnaechte-2022-2023\/"]}]},{"@type":"ImageObject","inLanguage":"en-GB","@id":"https:\/\/yogapetra.de\/rauhnaechte-2022-2023\/#primaryimage","url":"https:\/\/yogapetra.de\/wp-content\/uploads\/2022\/12\/leaf-6897520__340.jpg","contentUrl":"https:\/\/yogapetra.de\/wp-content\/uploads\/2022\/12\/leaf-6897520__340.jpg","width":604,"height":340},{"@type":"BreadcrumbList","@id":"https:\/\/yogapetra.de\/rauhnaechte-2022-2023\/#breadcrumb","itemListElement":[{"@type":"ListItem","position":1,"name":"Startseite","item":"https:\/\/yogapetra.de\/"},{"@type":"ListItem","position":2,"name":"Rauhn\u00e4chte 2023\/2024"}]},{"@type":"WebSite","@id":"https:\/\/yogapetra.de\/#website","url":"https:\/\/yogapetra.de\/","name":"Yoga with Petra","description":"Your yoga in Donauw\u00f6rth","potentialAction":[{"@type":"SearchAction","target":{"@type":"EntryPoint","urlTemplate":"https:\/\/yogapetra.de\/?s={search_term_string}"},"query-input":{"@type":"PropertyValueSpecification","valueRequired":true,"valueName":"search_term_string"}}],"inLanguage":"en-GB"},{"@type":"Person","@id":"https:\/\/yogapetra.de\/#\/schema\/person\/bf2a75413e4ee07ed1e9a68e23504f34","name":"Petra Schr\u00f6ttle","image":{"@type":"ImageObject","inLanguage":"en-GB","@id":"https:\/\/yogapetra.de\/wp-content\/litespeed\/avatar\/683b0749e777bf69b5a065af03aa7b3c.jpg?ver=1777219082","url":"https:\/\/yogapetra.de\/wp-content\/litespeed\/avatar\/683b0749e777bf69b5a065af03aa7b3c.jpg?ver=1777219082","contentUrl":"https:\/\/yogapetra.de\/wp-content\/litespeed\/avatar\/683b0749e777bf69b5a065af03aa7b3c.jpg?ver=1777219082","caption":"Petra Schr\u00f6ttle"},"url":"https:\/\/yogapetra.de\/en\/author\/petra_6635\/"}]}},"_links":{"self":[{"href":"https:\/\/yogapetra.de\/en\/wp-json\/wp\/v2\/posts\/1114","targetHints":{"allow":["GET"]}}],"collection":[{"href":"https:\/\/yogapetra.de\/en\/wp-json\/wp\/v2\/posts"}],"about":[{"href":"https:\/\/yogapetra.de\/en\/wp-json\/wp\/v2\/types\/post"}],"author":[{"embeddable":true,"href":"https:\/\/yogapetra.de\/en\/wp-json\/wp\/v2\/users\/3"}],"replies":[{"embeddable":true,"href":"https:\/\/yogapetra.de\/en\/wp-json\/wp\/v2\/comments?post=1114"}],"version-history":[{"count":18,"href":"https:\/\/yogapetra.de\/en\/wp-json\/wp\/v2\/posts\/1114\/revisions"}],"predecessor-version":[{"id":2375,"href":"https:\/\/yogapetra.de\/en\/wp-json\/wp\/v2\/posts\/1114\/revisions\/2375"}],"wp:featuredmedia":[{"embeddable":true,"href":"https:\/\/yogapetra.de\/en\/wp-json\/wp\/v2\/media\/1116"}],"wp:attachment":[{"href":"https:\/\/yogapetra.de\/en\/wp-json\/wp\/v2\/media?parent=1114"}],"wp:term":[{"taxonomy":"category","embeddable":true,"href":"https:\/\/yogapetra.de\/en\/wp-json\/wp\/v2\/categories?post=1114"},{"taxonomy":"post_tag","embeddable":true,"href":"https:\/\/yogapetra.de\/en\/wp-json\/wp\/v2\/tags?post=1114"}],"curies":[{"name":"wp","href":"https:\/\/api.w.org\/{rel}","templated":true}]}}