{"id":1378,"date":"2023-02-27T09:38:24","date_gmt":"2023-02-27T09:38:24","guid":{"rendered":"https:\/\/yogapetra.de\/?p=1378"},"modified":"2023-02-27T09:38:25","modified_gmt":"2023-02-27T09:38:25","slug":"brasilien-im-februar","status":"publish","type":"post","link":"https:\/\/yogapetra.de\/en\/brasilien-im-februar\/","title":{"rendered":"Brazil in February"},"content":{"rendered":"<p><\/p>\n\n\n\n<p><\/p>\n<p><span><img decoding=\"async\" alt=\"\" data-id=\"1380\" data-init-width=\"1920\" data-init-height=\"2560\" title=\"IMG_2937\" loading=\"lazy\" src=\"https:\/\/yogapetra.de\/wp-content\/uploads\/2023\/02\/IMG_2937-scaled.jpg\" data-width=\"810\" width=\"810\" height=\"2560\"><\/span><span><img decoding=\"async\" alt=\"\" data-id=\"1382\" data-init-width=\"1920\" data-init-height=\"2560\" title=\"IMG_2948\" loading=\"lazy\" src=\"https:\/\/yogapetra.de\/wp-content\/uploads\/2023\/02\/IMG_2948-scaled.jpg\" data-width=\"810\" width=\"810\" height=\"2560\"><\/span><\/p>\n<p>Yoga und Reisen\u200b! W\u00e4hrend meines Layovers in Sao Paulo hab ich einen Abstecher zur den Wasserf\u00e4llen in \u200bIguaz\u00fa gemacht. \u200bDie Iguaz\u00fa-Wasserf\u00e4lle sind die Wasserf\u00e4lle des Flusses Igua\u00e7u\/Iguaz\u00fa an der Grenze zwischen dem brasilianischen Bundesstaat Paran\u00e1 und der argentinischen Provinz Misiones.<\/p>\n<p>Auf einer Breite fast dreimal so gro\u00df und doppelt so hoch wie die Niagaraf\u00e4lle st\u00fcrzen die Wassermassen des &#8222;gro\u00dfen Wassers&#8220; in die Tiefe. Schon von Weitem h\u00f6rt man das Donnern, sp\u00fcrt die Gischt, sieht die unz\u00e4hligen Regenb\u00f6gen in der Luft schimmern. In dieser subtropischen Landschaft hat eine F\u00fclle an exotischen Pflanzen, V\u00f6geln und Schmetterlingen eine Heimat gefunden. Nicht umsonst hat die UNESCO dieses Naturspektakel zum Weltnaturerbe ernannt.<\/p>\n<p>A wonderful experience.<\/p>\n<p><span><img decoding=\"async\" alt=\"\" data-id=\"1385\" data-init-width=\"1920\" data-init-height=\"2560\" title=\"IMG_2941\" loading=\"lazy\" src=\"https:\/\/yogapetra.de\/wp-content\/uploads\/2023\/02\/IMG_2941-scaled.jpg\" data-width=\"810\" width=\"810\" height=\"2560\"><\/span><\/p>","protected":false},"excerpt":{"rendered":"<p>Yoga und Reisen\u200b! W\u00e4hrend meines Layovers in Sao Paulo hab ich einen Abstecher zur den Wasserf\u00e4llen in \u200bIguaz\u00fa gemacht. \u200bDie Iguaz\u00fa-Wasserf\u00e4lle sind die Wasserf\u00e4lle des Flusses Igua\u00e7u\/Iguaz\u00fa an der Grenze zwischen dem brasilianischen Bundesstaat Paran\u00e1 und der argentinischen Provinz Misiones. Auf einer Breite fast dreimal so gro\u00df und doppelt so hoch wie die Niagaraf\u00e4lle st\u00fcrzen [&hellip;]<\/p>\n","protected":false},"author":3,"featured_media":1379,"comment_status":"open","ping_status":"closed","sticky":false,"template":"","format":"standard","meta":{"footnotes":""},"categories":[33],"tags":[49],"class_list":["post-1378","post","type-post","status-publish","format-standard","has-post-thumbnail","hentry","category-yoga-und-reisen","tag-brasilien","post-wrapper","thrv_wrapper"],"yoast_head":"<!-- This site is optimized with the Yoast SEO plugin v27.4 - https:\/\/yoast.com\/product\/yoast-seo-wordpress\/ -->\n<title>Brasilien im Februar - Yoga mit Petra<\/title>\n<meta name=\"robots\" content=\"index, follow, max-snippet:-1, max-image-preview:large, max-video-preview:-1\" \/>\n<link rel=\"canonical\" href=\"https:\/\/yogapetra.de\/en\/brasilien-im-februar\/\" \/>\n<meta property=\"og:locale\" content=\"en_GB\" \/>\n<meta property=\"og:type\" content=\"article\" \/>\n<meta property=\"og:title\" content=\"Brasilien im Februar - Yoga mit Petra\" \/>\n<meta property=\"og:description\" content=\"Yoga und Reisen\u200b! W\u00e4hrend meines Layovers in Sao Paulo hab ich einen Abstecher zur den Wasserf\u00e4llen in \u200bIguaz\u00fa gemacht. \u200bDie Iguaz\u00fa-Wasserf\u00e4lle sind die Wasserf\u00e4lle des Flusses Igua\u00e7u\/Iguaz\u00fa an der Grenze zwischen dem brasilianischen Bundesstaat Paran\u00e1 und der argentinischen Provinz Misiones. Auf einer Breite fast dreimal so gro\u00df und doppelt so hoch wie die Niagaraf\u00e4lle st\u00fcrzen [&hellip;]\" \/>\n<meta property=\"og:url\" content=\"https:\/\/yogapetra.de\/en\/brasilien-im-februar\/\" \/>\n<meta property=\"og:site_name\" content=\"Yoga mit Petra\" \/>\n<meta property=\"article:published_time\" content=\"2023-02-27T09:38:24+00:00\" \/>\n<meta property=\"article:modified_time\" content=\"2023-02-27T09:38:25+00:00\" \/>\n<meta property=\"og:image\" content=\"https:\/\/yogapetra.de\/wp-content\/uploads\/2023\/02\/IMG_2914-scaled.jpg\" \/>\n\t<meta property=\"og:image:width\" content=\"2560\" \/>\n\t<meta property=\"og:image:height\" content=\"1920\" \/>\n\t<meta property=\"og:image:type\" content=\"image\/jpeg\" \/>\n<meta name=\"author\" content=\"Petra Schr\u00f6ttle\" \/>\n<meta name=\"twitter:card\" content=\"summary_large_image\" \/>\n<meta name=\"twitter:label1\" content=\"Written by\" \/>\n\t<meta name=\"twitter:data1\" content=\"Petra Schr\u00f6ttle\" \/>\n\t<meta name=\"twitter:label2\" content=\"Estimated reading time\" \/>\n\t<meta name=\"twitter:data2\" content=\"2 minutes\" \/>\n<script type=\"application\/ld+json\" class=\"yoast-schema-graph\">{\"@context\":\"https:\\\/\\\/schema.org\",\"@graph\":[{\"@type\":\"Article\",\"@id\":\"https:\\\/\\\/yogapetra.de\\\/brasilien-im-februar\\\/#article\",\"isPartOf\":{\"@id\":\"https:\\\/\\\/yogapetra.de\\\/brasilien-im-februar\\\/\"},\"author\":{\"name\":\"Petra Schr\u00f6ttle\",\"@id\":\"https:\\\/\\\/yogapetra.de\\\/#\\\/schema\\\/person\\\/bf2a75413e4ee07ed1e9a68e23504f34\"},\"headline\":\"Brasilien im Februar\",\"datePublished\":\"2023-02-27T09:38:24+00:00\",\"dateModified\":\"2023-02-27T09:38:25+00:00\",\"mainEntityOfPage\":{\"@id\":\"https:\\\/\\\/yogapetra.de\\\/brasilien-im-februar\\\/\"},\"wordCount\":130,\"commentCount\":0,\"image\":{\"@id\":\"https:\\\/\\\/yogapetra.de\\\/brasilien-im-februar\\\/#primaryimage\"},\"thumbnailUrl\":\"https:\\\/\\\/yogapetra.de\\\/wp-content\\\/uploads\\\/2023\\\/02\\\/IMG_2914-scaled.jpg\",\"keywords\":[\"Brasilien\"],\"articleSection\":[\"Yoga und Reisen\"],\"inLanguage\":\"en-GB\",\"potentialAction\":[{\"@type\":\"CommentAction\",\"name\":\"Comment\",\"target\":[\"https:\\\/\\\/yogapetra.de\\\/brasilien-im-februar\\\/#respond\"]}]},{\"@type\":\"WebPage\",\"@id\":\"https:\\\/\\\/yogapetra.de\\\/brasilien-im-februar\\\/\",\"url\":\"https:\\\/\\\/yogapetra.de\\\/brasilien-im-februar\\\/\",\"name\":\"Brasilien im Februar - Yoga mit Petra\",\"isPartOf\":{\"@id\":\"https:\\\/\\\/yogapetra.de\\\/#website\"},\"primaryImageOfPage\":{\"@id\":\"https:\\\/\\\/yogapetra.de\\\/brasilien-im-februar\\\/#primaryimage\"},\"image\":{\"@id\":\"https:\\\/\\\/yogapetra.de\\\/brasilien-im-februar\\\/#primaryimage\"},\"thumbnailUrl\":\"https:\\\/\\\/yogapetra.de\\\/wp-content\\\/uploads\\\/2023\\\/02\\\/IMG_2914-scaled.jpg\",\"datePublished\":\"2023-02-27T09:38:24+00:00\",\"dateModified\":\"2023-02-27T09:38:25+00:00\",\"author\":{\"@id\":\"https:\\\/\\\/yogapetra.de\\\/#\\\/schema\\\/person\\\/bf2a75413e4ee07ed1e9a68e23504f34\"},\"breadcrumb\":{\"@id\":\"https:\\\/\\\/yogapetra.de\\\/brasilien-im-februar\\\/#breadcrumb\"},\"inLanguage\":\"en-GB\",\"potentialAction\":[{\"@type\":\"ReadAction\",\"target\":[\"https:\\\/\\\/yogapetra.de\\\/brasilien-im-februar\\\/\"]}]},{\"@type\":\"ImageObject\",\"inLanguage\":\"en-GB\",\"@id\":\"https:\\\/\\\/yogapetra.de\\\/brasilien-im-februar\\\/#primaryimage\",\"url\":\"https:\\\/\\\/yogapetra.de\\\/wp-content\\\/uploads\\\/2023\\\/02\\\/IMG_2914-scaled.jpg\",\"contentUrl\":\"https:\\\/\\\/yogapetra.de\\\/wp-content\\\/uploads\\\/2023\\\/02\\\/IMG_2914-scaled.jpg\",\"width\":2560,\"height\":1920},{\"@type\":\"BreadcrumbList\",\"@id\":\"https:\\\/\\\/yogapetra.de\\\/brasilien-im-februar\\\/#breadcrumb\",\"itemListElement\":[{\"@type\":\"ListItem\",\"position\":1,\"name\":\"Startseite\",\"item\":\"https:\\\/\\\/yogapetra.de\\\/\"},{\"@type\":\"ListItem\",\"position\":2,\"name\":\"Brasilien im Februar\"}]},{\"@type\":\"WebSite\",\"@id\":\"https:\\\/\\\/yogapetra.de\\\/#website\",\"url\":\"https:\\\/\\\/yogapetra.de\\\/\",\"name\":\"Yoga mit Petra\",\"description\":\"Dein Yoga in Donauw\u00f6rth\",\"potentialAction\":[{\"@type\":\"SearchAction\",\"target\":{\"@type\":\"EntryPoint\",\"urlTemplate\":\"https:\\\/\\\/yogapetra.de\\\/?s={search_term_string}\"},\"query-input\":{\"@type\":\"PropertyValueSpecification\",\"valueRequired\":true,\"valueName\":\"search_term_string\"}}],\"inLanguage\":\"en-GB\"},{\"@type\":\"Person\",\"@id\":\"https:\\\/\\\/yogapetra.de\\\/#\\\/schema\\\/person\\\/bf2a75413e4ee07ed1e9a68e23504f34\",\"name\":\"Petra Schr\u00f6ttle\",\"image\":{\"@type\":\"ImageObject\",\"inLanguage\":\"en-GB\",\"@id\":\"https:\\\/\\\/yogapetra.de\\\/wp-content\\\/litespeed\\\/avatar\\\/683b0749e777bf69b5a065af03aa7b3c.jpg?ver=1777219082\",\"url\":\"https:\\\/\\\/yogapetra.de\\\/wp-content\\\/litespeed\\\/avatar\\\/683b0749e777bf69b5a065af03aa7b3c.jpg?ver=1777219082\",\"contentUrl\":\"https:\\\/\\\/yogapetra.de\\\/wp-content\\\/litespeed\\\/avatar\\\/683b0749e777bf69b5a065af03aa7b3c.jpg?ver=1777219082\",\"caption\":\"Petra Schr\u00f6ttle\"},\"url\":\"https:\\\/\\\/yogapetra.de\\\/en\\\/author\\\/petra_6635\\\/\"}]}<\/script>\n<!-- \/ Yoast SEO plugin. -->","yoast_head_json":{"title":"Brasilien im Februar - Yoga mit Petra","robots":{"index":"index","follow":"follow","max-snippet":"max-snippet:-1","max-image-preview":"max-image-preview:large","max-video-preview":"max-video-preview:-1"},"canonical":"https:\/\/yogapetra.de\/en\/brasilien-im-februar\/","og_locale":"en_GB","og_type":"article","og_title":"Brasilien im Februar - Yoga mit Petra","og_description":"Yoga und Reisen\u200b! W\u00e4hrend meines Layovers in Sao Paulo hab ich einen Abstecher zur den Wasserf\u00e4llen in \u200bIguaz\u00fa gemacht. \u200bDie Iguaz\u00fa-Wasserf\u00e4lle sind die Wasserf\u00e4lle des Flusses Igua\u00e7u\/Iguaz\u00fa an der Grenze zwischen dem brasilianischen Bundesstaat Paran\u00e1 und der argentinischen Provinz Misiones. Auf einer Breite fast dreimal so gro\u00df und doppelt so hoch wie die Niagaraf\u00e4lle st\u00fcrzen [&hellip;]","og_url":"https:\/\/yogapetra.de\/en\/brasilien-im-februar\/","og_site_name":"Yoga mit Petra","article_published_time":"2023-02-27T09:38:24+00:00","article_modified_time":"2023-02-27T09:38:25+00:00","og_image":[{"width":2560,"height":1920,"url":"https:\/\/yogapetra.de\/wp-content\/uploads\/2023\/02\/IMG_2914-scaled.jpg","type":"image\/jpeg"}],"author":"Petra Schr\u00f6ttle","twitter_card":"summary_large_image","twitter_misc":{"Written by":"Petra Schr\u00f6ttle","Estimated reading time":"2 minutes"},"schema":{"@context":"https:\/\/schema.org","@graph":[{"@type":"Article","@id":"https:\/\/yogapetra.de\/brasilien-im-februar\/#article","isPartOf":{"@id":"https:\/\/yogapetra.de\/brasilien-im-februar\/"},"author":{"name":"Petra Schr\u00f6ttle","@id":"https:\/\/yogapetra.de\/#\/schema\/person\/bf2a75413e4ee07ed1e9a68e23504f34"},"headline":"Brasilien im Februar","datePublished":"2023-02-27T09:38:24+00:00","dateModified":"2023-02-27T09:38:25+00:00","mainEntityOfPage":{"@id":"https:\/\/yogapetra.de\/brasilien-im-februar\/"},"wordCount":130,"commentCount":0,"image":{"@id":"https:\/\/yogapetra.de\/brasilien-im-februar\/#primaryimage"},"thumbnailUrl":"https:\/\/yogapetra.de\/wp-content\/uploads\/2023\/02\/IMG_2914-scaled.jpg","keywords":["Brasilien"],"articleSection":["Yoga und Reisen"],"inLanguage":"en-GB","potentialAction":[{"@type":"CommentAction","name":"Comment","target":["https:\/\/yogapetra.de\/brasilien-im-februar\/#respond"]}]},{"@type":"WebPage","@id":"https:\/\/yogapetra.de\/brasilien-im-februar\/","url":"https:\/\/yogapetra.de\/brasilien-im-februar\/","name":"Brasilien im Februar - Yoga mit Petra","isPartOf":{"@id":"https:\/\/yogapetra.de\/#website"},"primaryImageOfPage":{"@id":"https:\/\/yogapetra.de\/brasilien-im-februar\/#primaryimage"},"image":{"@id":"https:\/\/yogapetra.de\/brasilien-im-februar\/#primaryimage"},"thumbnailUrl":"https:\/\/yogapetra.de\/wp-content\/uploads\/2023\/02\/IMG_2914-scaled.jpg","datePublished":"2023-02-27T09:38:24+00:00","dateModified":"2023-02-27T09:38:25+00:00","author":{"@id":"https:\/\/yogapetra.de\/#\/schema\/person\/bf2a75413e4ee07ed1e9a68e23504f34"},"breadcrumb":{"@id":"https:\/\/yogapetra.de\/brasilien-im-februar\/#breadcrumb"},"inLanguage":"en-GB","potentialAction":[{"@type":"ReadAction","target":["https:\/\/yogapetra.de\/brasilien-im-februar\/"]}]},{"@type":"ImageObject","inLanguage":"en-GB","@id":"https:\/\/yogapetra.de\/brasilien-im-februar\/#primaryimage","url":"https:\/\/yogapetra.de\/wp-content\/uploads\/2023\/02\/IMG_2914-scaled.jpg","contentUrl":"https:\/\/yogapetra.de\/wp-content\/uploads\/2023\/02\/IMG_2914-scaled.jpg","width":2560,"height":1920},{"@type":"BreadcrumbList","@id":"https:\/\/yogapetra.de\/brasilien-im-februar\/#breadcrumb","itemListElement":[{"@type":"ListItem","position":1,"name":"Startseite","item":"https:\/\/yogapetra.de\/"},{"@type":"ListItem","position":2,"name":"Brasilien im Februar"}]},{"@type":"WebSite","@id":"https:\/\/yogapetra.de\/#website","url":"https:\/\/yogapetra.de\/","name":"Yoga with Petra","description":"Your yoga in Donauw\u00f6rth","potentialAction":[{"@type":"SearchAction","target":{"@type":"EntryPoint","urlTemplate":"https:\/\/yogapetra.de\/?s={search_term_string}"},"query-input":{"@type":"PropertyValueSpecification","valueRequired":true,"valueName":"search_term_string"}}],"inLanguage":"en-GB"},{"@type":"Person","@id":"https:\/\/yogapetra.de\/#\/schema\/person\/bf2a75413e4ee07ed1e9a68e23504f34","name":"Petra Schr\u00f6ttle","image":{"@type":"ImageObject","inLanguage":"en-GB","@id":"https:\/\/yogapetra.de\/wp-content\/litespeed\/avatar\/683b0749e777bf69b5a065af03aa7b3c.jpg?ver=1777219082","url":"https:\/\/yogapetra.de\/wp-content\/litespeed\/avatar\/683b0749e777bf69b5a065af03aa7b3c.jpg?ver=1777219082","contentUrl":"https:\/\/yogapetra.de\/wp-content\/litespeed\/avatar\/683b0749e777bf69b5a065af03aa7b3c.jpg?ver=1777219082","caption":"Petra Schr\u00f6ttle"},"url":"https:\/\/yogapetra.de\/en\/author\/petra_6635\/"}]}},"_links":{"self":[{"href":"https:\/\/yogapetra.de\/en\/wp-json\/wp\/v2\/posts\/1378","targetHints":{"allow":["GET"]}}],"collection":[{"href":"https:\/\/yogapetra.de\/en\/wp-json\/wp\/v2\/posts"}],"about":[{"href":"https:\/\/yogapetra.de\/en\/wp-json\/wp\/v2\/types\/post"}],"author":[{"embeddable":true,"href":"https:\/\/yogapetra.de\/en\/wp-json\/wp\/v2\/users\/3"}],"replies":[{"embeddable":true,"href":"https:\/\/yogapetra.de\/en\/wp-json\/wp\/v2\/comments?post=1378"}],"version-history":[{"count":4,"href":"https:\/\/yogapetra.de\/en\/wp-json\/wp\/v2\/posts\/1378\/revisions"}],"predecessor-version":[{"id":1387,"href":"https:\/\/yogapetra.de\/en\/wp-json\/wp\/v2\/posts\/1378\/revisions\/1387"}],"wp:featuredmedia":[{"embeddable":true,"href":"https:\/\/yogapetra.de\/en\/wp-json\/wp\/v2\/media\/1379"}],"wp:attachment":[{"href":"https:\/\/yogapetra.de\/en\/wp-json\/wp\/v2\/media?parent=1378"}],"wp:term":[{"taxonomy":"category","embeddable":true,"href":"https:\/\/yogapetra.de\/en\/wp-json\/wp\/v2\/categories?post=1378"},{"taxonomy":"post_tag","embeddable":true,"href":"https:\/\/yogapetra.de\/en\/wp-json\/wp\/v2\/tags?post=1378"}],"curies":[{"name":"wp","href":"https:\/\/api.w.org\/{rel}","templated":true}]}}