{"id":2051,"date":"2023-10-06T13:50:11","date_gmt":"2023-10-06T13:50:11","guid":{"rendered":"https:\/\/yogapetra.de\/?p=2051"},"modified":"2023-10-06T13:58:28","modified_gmt":"2023-10-06T13:58:28","slug":"deine-yoga-woche-auf-mallorca","status":"publish","type":"post","link":"https:\/\/yogapetra.de\/en\/deine-yoga-woche-auf-mallorca\/","title":{"rendered":"Your Yoga Week on Mallorca"},"content":{"rendered":"<p><\/p><img decoding=\"async\" src=\"https:\/\/yogapetra.de\/wp-content\/uploads\/2023\/10\/PHOTO-2023-01-09-11-22-21-1024x682.jpg\" alt=\"\"\/><p><\/p><p>Your yoga week on Mallorca in a small finca hotel starts on March 30, 2024!<\/p><p>There are single and double rooms including breakfast and dinner.<\/p><p>We start the day with 90 minutes of yoga, all levels, pranayama, asanas and shavasana!<\/p><p>After a good breakfast, you can explore this beautiful landscape on hikes in the Tramuntana mountains, past olive groves and almond trees. Or maybe you would like to visit one of the typical markets and Art\u00e1, Inca or Santanyi. There are plenty of options on the island.<\/p><p>In the late afternoon we meet for the second yoga session of the day.<\/p><p>We will end the evening with a shared dinner and a cozy get-together, where we will also have the opportunity to exchange ideas and delve deeper into the various yoga topics.<\/p><p>If your partner is not a yogi, he\/she does not have to take part in the retreat.<\/p><p>For further information send me a <a href=\"mailto:petra.schroettle@gmx.net\" target=\"_blank\" style=\"outline: currentcolor;\" rel=\"noopener\">E-mail<\/a> or <a href=\"https:\/\/wa.me\/01726414909?text=Bitte%20Infos%20zum%20Yoga-Retreat.\" target=\"_blank\" style=\"outline: currentcolor;\" rel=\"noopener\">WhatsApp<\/a> News.<\/p><p>I look forward to hearing from you.<\/p><p>Namast\u00e9 Petra<\/p><p><\/p>","protected":false},"excerpt":{"rendered":"<p>Am 30.03.2024 startet Deine Yoga Woche auf Mallorca in einem kleinen Finca Hotel! Es gibt Einzel- und Doppelzimmer inkl. Fr\u00fchst\u00fcck und Abendessen. Wir beginnen den Tag mit 90 Minuten Yoga, all Levels, Pranayama, Asanas und Shavasana! Nach einem guten Fr\u00fchst\u00fcck gibt es die M\u00f6glichkeit bei Wanderungen im Tramuntana Gebirge, vorbei an Olivenhainen, Mandelb\u00e4umen, diese wundersch\u00f6ne [&hellip;]<\/p>\n","protected":false},"author":3,"featured_media":609,"comment_status":"open","ping_status":"closed","sticky":false,"template":"","format":"standard","meta":{"footnotes":"","tve_updated_post":"<div class=\"thrv_wrapper tve_wp_shortcode\"><div class=\"tve_shortcode_raw\" style=\"display: none\">___TVE_SHORTCODE_RAW__&lt;p&gt;&lt;!-- wp:image {\"id\":2052,\"sizeSlug\":\"large\",\"linkDestination\":\"none\"} --&gt;&lt;\/p&gt;\n&lt;figure class=\"wp-block-image size-large\"&gt;&lt;img src=\"https:\/\/yogapetra.de\/wp-content\/uploads\/2023\/10\/PHOTO-2023-01-09-11-22-21-1024x682.jpg\" alt=\"\" class=\"wp-image-2052\"\/&gt;&lt;\/figure&gt;\n&lt;p&gt;&lt;!-- \/wp:image --&gt;&lt;\/p&gt;\n__TVE_SHORTCODE_RAW___<\/div><\/div><div class=\"thrv_wrapper thrv_text_element\">\t<p>Am 30.03.2024 startet Deine Yoga Woche auf Mallorca in einem kleinen Finca Hotel!<\/p><p>Es gibt Einzel- und Doppelzimmer inkl. Fr\u00fchst\u00fcck und Abendessen.<\/p><p>Wir beginnen den Tag mit 90 Minuten Yoga, all Levels, Pranayama, Asanas und Shavasana!<\/p><p>Nach einem guten Fr\u00fchst\u00fcck gibt es die M\u00f6glichkeit bei Wanderungen im Tramuntana Gebirge, vorbei an Olivenhainen, Mandelb\u00e4umen, diese wundersch\u00f6ne Landschaft zu entdecken. Oder vielleicht m\u00f6chtest Du einen der typischen M\u00e4rkte und Art\u00e1, Inca oder Santanyi besuchen. M\u00f6glichkeiten gibt es auf der Insel genug.<\/p><p>Am sp\u00e4ten Nachmittag treffen wir uns zur zweiten Yogaeinheit des Tages.<\/p><p>Wir beschlie\u00dfen den Abend mit einem gemeinsamen Abendessen und gem\u00fctlichem Beisammensein, wo wir auch Gelegenheit zum Austausch und zum Vertiefen der verschiedenen Yoga Themen haben werden.<\/p><p>Sollte Dein\/e Partner\/in kein Yogi sein, so muss er\/sie selbstverst\u00e4ndlich nicht am Retreat teilnehmen.<\/p><p>F\u00fcr weitere Informationen schicke mir eine <a href=\"mailto:petra.schroettle@gmx.net\" target=\"_blank\" class=\"\" style=\"outline: currentcolor;\">Email<\/a> oder <a href=\"https:\/\/wa.me\/01726414909?text=Bitte%20Infos%20zum%20Yoga-Retreat.\" target=\"_blank\" class=\"\" style=\"outline: currentcolor;\">WhatsApp<\/a> Nachricht.<\/p><p>Ich freue mich von Dir zu h\u00f6ren.<\/p><p>Namast\u00e9 Petra<\/p><p><br><\/p><\/div>","tve_custom_css":"@media (min-width: 300px){.tcb-post-list[data-css=\"tve-u-17c36d83415\"] .post-wrapper.thrv_wrapper { width: calc(100% + 0px); }.tcb-post-list[data-css=\"tve-u-17c36d83415\"] .post-wrapper.thrv_wrapper:nth-child(n+2) { margin-top: 15px !important; }.tcb-post-list[data-css=\"tve-u-17c36d83415\"] .post-wrapper.thrv_wrapper:not(:nth-child(n+2)) { margin-top: 0px !important; }.tcb-post-list[data-css=\"tve-u-17c36d83415\"] .post-wrapper.thrv_wrapper:not(:nth-child(n)) { margin-right: 0px !important; }.tcb-post-list[data-css=\"tve-u-17c36d83415\"] .post-wrapper.thrv_wrapper:nth-child(n) { margin-right: 0px !important; }.tcb-post-list[data-css=\"tve-u-17c7532ad7e\"] .post-wrapper.thrv_wrapper { width: calc(33.333333% - 20px); }.tcb-post-list[data-css=\"tve-u-17c7532ad7e\"] .post-wrapper.thrv_wrapper:nth-child(n+4) { margin-top: 30px !important; }.tcb-post-list[data-css=\"tve-u-17c7532ad7e\"] .post-wrapper.thrv_wrapper:not(:nth-child(n+4)) { margin-top: 0px !important; }.tcb-post-list[data-css=\"tve-u-17c7532ad7e\"] .post-wrapper.thrv_wrapper:not(:nth-child(3n)) { margin-right: 30px !important; }.tcb-post-list[data-css=\"tve-u-17c7532ad7e\"] .post-wrapper.thrv_wrapper:nth-child(3n) { margin-right: 0px !important; }}","tve_user_custom_css":"","tve_globals":{"e":"1","font_cls":[]},"tcb2_ready":1,"tcb_editor_enabled":1,"tve_landing_page":"","_tve_header":"","_tve_footer":""},"categories":[33],"tags":[62,65,64,29],"class_list":["post-2051","post","type-post","status-publish","format-standard","has-post-thumbnail","hentry","category-yoga-und-reisen","tag-mallorca","tag-mandelbluete","tag-retreat","tag-yoga","post-wrapper","thrv_wrapper"],"yoast_head":"<!-- This site is optimized with the Yoast SEO plugin v27.5 - https:\/\/yoast.com\/product\/yoast-seo-wordpress\/ -->\n<title>Deine Yoga Woche auf Mallorca - Yoga mit Petra<\/title>\n<meta name=\"robots\" content=\"index, follow, max-snippet:-1, max-image-preview:large, max-video-preview:-1\" \/>\n<link rel=\"canonical\" href=\"https:\/\/yogapetra.de\/en\/deine-yoga-woche-auf-mallorca\/\" \/>\n<meta property=\"og:locale\" content=\"en_GB\" \/>\n<meta property=\"og:type\" content=\"article\" \/>\n<meta property=\"og:title\" content=\"Deine Yoga Woche auf Mallorca - Yoga mit Petra\" \/>\n<meta property=\"og:description\" content=\"Am 30.03.2024 startet Deine Yoga Woche auf Mallorca in einem kleinen Finca Hotel! Es gibt Einzel- und Doppelzimmer inkl. Fr\u00fchst\u00fcck und Abendessen. Wir beginnen den Tag mit 90 Minuten Yoga, all Levels, Pranayama, Asanas und Shavasana! Nach einem guten Fr\u00fchst\u00fcck gibt es die M\u00f6glichkeit bei Wanderungen im Tramuntana Gebirge, vorbei an Olivenhainen, Mandelb\u00e4umen, diese wundersch\u00f6ne [&hellip;]\" \/>\n<meta property=\"og:url\" content=\"https:\/\/yogapetra.de\/en\/deine-yoga-woche-auf-mallorca\/\" \/>\n<meta property=\"og:site_name\" content=\"Yoga mit Petra\" \/>\n<meta property=\"article:published_time\" content=\"2023-10-06T13:50:11+00:00\" \/>\n<meta property=\"article:modified_time\" content=\"2023-10-06T13:58:28+00:00\" \/>\n<meta property=\"og:image\" content=\"https:\/\/yogapetra.de\/wp-content\/uploads\/2022\/07\/IMG_0807-scaled.jpg\" \/>\n\t<meta property=\"og:image:width\" content=\"2560\" \/>\n\t<meta property=\"og:image:height\" content=\"1920\" \/>\n\t<meta property=\"og:image:type\" content=\"image\/jpeg\" \/>\n<meta name=\"author\" content=\"Petra Schr\u00f6ttle\" \/>\n<meta name=\"twitter:card\" content=\"summary_large_image\" \/>\n<meta name=\"twitter:label1\" content=\"Written by\" \/>\n\t<meta name=\"twitter:data1\" content=\"Petra Schr\u00f6ttle\" \/>\n\t<meta name=\"twitter:label2\" content=\"Estimated reading time\" \/>\n\t<meta name=\"twitter:data2\" content=\"2 minutes\" \/>\n<script type=\"application\/ld+json\" class=\"yoast-schema-graph\">{\"@context\":\"https:\\\/\\\/schema.org\",\"@graph\":[{\"@type\":\"Article\",\"@id\":\"https:\\\/\\\/yogapetra.de\\\/deine-yoga-woche-auf-mallorca\\\/#article\",\"isPartOf\":{\"@id\":\"https:\\\/\\\/yogapetra.de\\\/deine-yoga-woche-auf-mallorca\\\/\"},\"author\":{\"name\":\"Petra Schr\u00f6ttle\",\"@id\":\"https:\\\/\\\/yogapetra.de\\\/#\\\/schema\\\/person\\\/bf2a75413e4ee07ed1e9a68e23504f34\"},\"headline\":\"Deine Yoga Woche auf Mallorca\",\"datePublished\":\"2023-10-06T13:50:11+00:00\",\"dateModified\":\"2023-10-06T13:58:28+00:00\",\"mainEntityOfPage\":{\"@id\":\"https:\\\/\\\/yogapetra.de\\\/deine-yoga-woche-auf-mallorca\\\/\"},\"wordCount\":171,\"commentCount\":0,\"image\":{\"@id\":\"https:\\\/\\\/yogapetra.de\\\/deine-yoga-woche-auf-mallorca\\\/#primaryimage\"},\"thumbnailUrl\":\"https:\\\/\\\/yogapetra.de\\\/wp-content\\\/uploads\\\/2022\\\/07\\\/IMG_0807-scaled.jpg\",\"keywords\":[\"Mallorca\",\"Mandelbl\u00fcte\",\"Retreat\",\"Yoga\"],\"articleSection\":[\"Yoga und Reisen\"],\"inLanguage\":\"en-GB\",\"potentialAction\":[{\"@type\":\"CommentAction\",\"name\":\"Comment\",\"target\":[\"https:\\\/\\\/yogapetra.de\\\/deine-yoga-woche-auf-mallorca\\\/#respond\"]}]},{\"@type\":\"WebPage\",\"@id\":\"https:\\\/\\\/yogapetra.de\\\/deine-yoga-woche-auf-mallorca\\\/\",\"url\":\"https:\\\/\\\/yogapetra.de\\\/deine-yoga-woche-auf-mallorca\\\/\",\"name\":\"Deine Yoga Woche auf Mallorca - Yoga mit Petra\",\"isPartOf\":{\"@id\":\"https:\\\/\\\/yogapetra.de\\\/#website\"},\"primaryImageOfPage\":{\"@id\":\"https:\\\/\\\/yogapetra.de\\\/deine-yoga-woche-auf-mallorca\\\/#primaryimage\"},\"image\":{\"@id\":\"https:\\\/\\\/yogapetra.de\\\/deine-yoga-woche-auf-mallorca\\\/#primaryimage\"},\"thumbnailUrl\":\"https:\\\/\\\/yogapetra.de\\\/wp-content\\\/uploads\\\/2022\\\/07\\\/IMG_0807-scaled.jpg\",\"datePublished\":\"2023-10-06T13:50:11+00:00\",\"dateModified\":\"2023-10-06T13:58:28+00:00\",\"author\":{\"@id\":\"https:\\\/\\\/yogapetra.de\\\/#\\\/schema\\\/person\\\/bf2a75413e4ee07ed1e9a68e23504f34\"},\"breadcrumb\":{\"@id\":\"https:\\\/\\\/yogapetra.de\\\/deine-yoga-woche-auf-mallorca\\\/#breadcrumb\"},\"inLanguage\":\"en-GB\",\"potentialAction\":[{\"@type\":\"ReadAction\",\"target\":[\"https:\\\/\\\/yogapetra.de\\\/deine-yoga-woche-auf-mallorca\\\/\"]}]},{\"@type\":\"ImageObject\",\"inLanguage\":\"en-GB\",\"@id\":\"https:\\\/\\\/yogapetra.de\\\/deine-yoga-woche-auf-mallorca\\\/#primaryimage\",\"url\":\"https:\\\/\\\/yogapetra.de\\\/wp-content\\\/uploads\\\/2022\\\/07\\\/IMG_0807-scaled.jpg\",\"contentUrl\":\"https:\\\/\\\/yogapetra.de\\\/wp-content\\\/uploads\\\/2022\\\/07\\\/IMG_0807-scaled.jpg\",\"width\":2560,\"height\":1920},{\"@type\":\"BreadcrumbList\",\"@id\":\"https:\\\/\\\/yogapetra.de\\\/deine-yoga-woche-auf-mallorca\\\/#breadcrumb\",\"itemListElement\":[{\"@type\":\"ListItem\",\"position\":1,\"name\":\"Startseite\",\"item\":\"https:\\\/\\\/yogapetra.de\\\/\"},{\"@type\":\"ListItem\",\"position\":2,\"name\":\"Deine Yoga Woche auf Mallorca\"}]},{\"@type\":\"WebSite\",\"@id\":\"https:\\\/\\\/yogapetra.de\\\/#website\",\"url\":\"https:\\\/\\\/yogapetra.de\\\/\",\"name\":\"Yoga mit Petra\",\"description\":\"Dein Yoga in Donauw\u00f6rth\",\"potentialAction\":[{\"@type\":\"SearchAction\",\"target\":{\"@type\":\"EntryPoint\",\"urlTemplate\":\"https:\\\/\\\/yogapetra.de\\\/?s={search_term_string}\"},\"query-input\":{\"@type\":\"PropertyValueSpecification\",\"valueRequired\":true,\"valueName\":\"search_term_string\"}}],\"inLanguage\":\"en-GB\"},{\"@type\":\"Person\",\"@id\":\"https:\\\/\\\/yogapetra.de\\\/#\\\/schema\\\/person\\\/bf2a75413e4ee07ed1e9a68e23504f34\",\"name\":\"Petra Schr\u00f6ttle\",\"image\":{\"@type\":\"ImageObject\",\"inLanguage\":\"en-GB\",\"@id\":\"https:\\\/\\\/yogapetra.de\\\/wp-content\\\/litespeed\\\/avatar\\\/683b0749e777bf69b5a065af03aa7b3c.jpg?ver=1777219082\",\"url\":\"https:\\\/\\\/yogapetra.de\\\/wp-content\\\/litespeed\\\/avatar\\\/683b0749e777bf69b5a065af03aa7b3c.jpg?ver=1777219082\",\"contentUrl\":\"https:\\\/\\\/yogapetra.de\\\/wp-content\\\/litespeed\\\/avatar\\\/683b0749e777bf69b5a065af03aa7b3c.jpg?ver=1777219082\",\"caption\":\"Petra Schr\u00f6ttle\"},\"url\":\"https:\\\/\\\/yogapetra.de\\\/en\\\/author\\\/petra_6635\\\/\"}]}<\/script>\n<!-- \/ Yoast SEO plugin. -->","yoast_head_json":{"title":"Deine Yoga Woche auf Mallorca - Yoga mit Petra","robots":{"index":"index","follow":"follow","max-snippet":"max-snippet:-1","max-image-preview":"max-image-preview:large","max-video-preview":"max-video-preview:-1"},"canonical":"https:\/\/yogapetra.de\/en\/deine-yoga-woche-auf-mallorca\/","og_locale":"en_GB","og_type":"article","og_title":"Deine Yoga Woche auf Mallorca - Yoga mit Petra","og_description":"Am 30.03.2024 startet Deine Yoga Woche auf Mallorca in einem kleinen Finca Hotel! Es gibt Einzel- und Doppelzimmer inkl. Fr\u00fchst\u00fcck und Abendessen. Wir beginnen den Tag mit 90 Minuten Yoga, all Levels, Pranayama, Asanas und Shavasana! Nach einem guten Fr\u00fchst\u00fcck gibt es die M\u00f6glichkeit bei Wanderungen im Tramuntana Gebirge, vorbei an Olivenhainen, Mandelb\u00e4umen, diese wundersch\u00f6ne [&hellip;]","og_url":"https:\/\/yogapetra.de\/en\/deine-yoga-woche-auf-mallorca\/","og_site_name":"Yoga mit Petra","article_published_time":"2023-10-06T13:50:11+00:00","article_modified_time":"2023-10-06T13:58:28+00:00","og_image":[{"width":2560,"height":1920,"url":"https:\/\/yogapetra.de\/wp-content\/uploads\/2022\/07\/IMG_0807-scaled.jpg","type":"image\/jpeg"}],"author":"Petra Schr\u00f6ttle","twitter_card":"summary_large_image","twitter_misc":{"Written by":"Petra Schr\u00f6ttle","Estimated reading time":"2 minutes"},"schema":{"@context":"https:\/\/schema.org","@graph":[{"@type":"Article","@id":"https:\/\/yogapetra.de\/deine-yoga-woche-auf-mallorca\/#article","isPartOf":{"@id":"https:\/\/yogapetra.de\/deine-yoga-woche-auf-mallorca\/"},"author":{"name":"Petra Schr\u00f6ttle","@id":"https:\/\/yogapetra.de\/#\/schema\/person\/bf2a75413e4ee07ed1e9a68e23504f34"},"headline":"Deine Yoga Woche auf Mallorca","datePublished":"2023-10-06T13:50:11+00:00","dateModified":"2023-10-06T13:58:28+00:00","mainEntityOfPage":{"@id":"https:\/\/yogapetra.de\/deine-yoga-woche-auf-mallorca\/"},"wordCount":171,"commentCount":0,"image":{"@id":"https:\/\/yogapetra.de\/deine-yoga-woche-auf-mallorca\/#primaryimage"},"thumbnailUrl":"https:\/\/yogapetra.de\/wp-content\/uploads\/2022\/07\/IMG_0807-scaled.jpg","keywords":["Mallorca","Mandelbl\u00fcte","Retreat","Yoga"],"articleSection":["Yoga und Reisen"],"inLanguage":"en-GB","potentialAction":[{"@type":"CommentAction","name":"Comment","target":["https:\/\/yogapetra.de\/deine-yoga-woche-auf-mallorca\/#respond"]}]},{"@type":"WebPage","@id":"https:\/\/yogapetra.de\/deine-yoga-woche-auf-mallorca\/","url":"https:\/\/yogapetra.de\/deine-yoga-woche-auf-mallorca\/","name":"Deine Yoga Woche auf Mallorca - Yoga mit Petra","isPartOf":{"@id":"https:\/\/yogapetra.de\/#website"},"primaryImageOfPage":{"@id":"https:\/\/yogapetra.de\/deine-yoga-woche-auf-mallorca\/#primaryimage"},"image":{"@id":"https:\/\/yogapetra.de\/deine-yoga-woche-auf-mallorca\/#primaryimage"},"thumbnailUrl":"https:\/\/yogapetra.de\/wp-content\/uploads\/2022\/07\/IMG_0807-scaled.jpg","datePublished":"2023-10-06T13:50:11+00:00","dateModified":"2023-10-06T13:58:28+00:00","author":{"@id":"https:\/\/yogapetra.de\/#\/schema\/person\/bf2a75413e4ee07ed1e9a68e23504f34"},"breadcrumb":{"@id":"https:\/\/yogapetra.de\/deine-yoga-woche-auf-mallorca\/#breadcrumb"},"inLanguage":"en-GB","potentialAction":[{"@type":"ReadAction","target":["https:\/\/yogapetra.de\/deine-yoga-woche-auf-mallorca\/"]}]},{"@type":"ImageObject","inLanguage":"en-GB","@id":"https:\/\/yogapetra.de\/deine-yoga-woche-auf-mallorca\/#primaryimage","url":"https:\/\/yogapetra.de\/wp-content\/uploads\/2022\/07\/IMG_0807-scaled.jpg","contentUrl":"https:\/\/yogapetra.de\/wp-content\/uploads\/2022\/07\/IMG_0807-scaled.jpg","width":2560,"height":1920},{"@type":"BreadcrumbList","@id":"https:\/\/yogapetra.de\/deine-yoga-woche-auf-mallorca\/#breadcrumb","itemListElement":[{"@type":"ListItem","position":1,"name":"Startseite","item":"https:\/\/yogapetra.de\/"},{"@type":"ListItem","position":2,"name":"Deine Yoga Woche auf Mallorca"}]},{"@type":"WebSite","@id":"https:\/\/yogapetra.de\/#website","url":"https:\/\/yogapetra.de\/","name":"Yoga with Petra","description":"Your yoga in Donauw\u00f6rth","potentialAction":[{"@type":"SearchAction","target":{"@type":"EntryPoint","urlTemplate":"https:\/\/yogapetra.de\/?s={search_term_string}"},"query-input":{"@type":"PropertyValueSpecification","valueRequired":true,"valueName":"search_term_string"}}],"inLanguage":"en-GB"},{"@type":"Person","@id":"https:\/\/yogapetra.de\/#\/schema\/person\/bf2a75413e4ee07ed1e9a68e23504f34","name":"Petra Schr\u00f6ttle","image":{"@type":"ImageObject","inLanguage":"en-GB","@id":"https:\/\/yogapetra.de\/wp-content\/litespeed\/avatar\/683b0749e777bf69b5a065af03aa7b3c.jpg?ver=1777219082","url":"https:\/\/yogapetra.de\/wp-content\/litespeed\/avatar\/683b0749e777bf69b5a065af03aa7b3c.jpg?ver=1777219082","contentUrl":"https:\/\/yogapetra.de\/wp-content\/litespeed\/avatar\/683b0749e777bf69b5a065af03aa7b3c.jpg?ver=1777219082","caption":"Petra Schr\u00f6ttle"},"url":"https:\/\/yogapetra.de\/en\/author\/petra_6635\/"}]}},"_links":{"self":[{"href":"https:\/\/yogapetra.de\/en\/wp-json\/wp\/v2\/posts\/2051","targetHints":{"allow":["GET"]}}],"collection":[{"href":"https:\/\/yogapetra.de\/en\/wp-json\/wp\/v2\/posts"}],"about":[{"href":"https:\/\/yogapetra.de\/en\/wp-json\/wp\/v2\/types\/post"}],"author":[{"embeddable":true,"href":"https:\/\/yogapetra.de\/en\/wp-json\/wp\/v2\/users\/3"}],"replies":[{"embeddable":true,"href":"https:\/\/yogapetra.de\/en\/wp-json\/wp\/v2\/comments?post=2051"}],"version-history":[{"count":13,"href":"https:\/\/yogapetra.de\/en\/wp-json\/wp\/v2\/posts\/2051\/revisions"}],"predecessor-version":[{"id":2065,"href":"https:\/\/yogapetra.de\/en\/wp-json\/wp\/v2\/posts\/2051\/revisions\/2065"}],"wp:featuredmedia":[{"embeddable":true,"href":"https:\/\/yogapetra.de\/en\/wp-json\/wp\/v2\/media\/609"}],"wp:attachment":[{"href":"https:\/\/yogapetra.de\/en\/wp-json\/wp\/v2\/media?parent=2051"}],"wp:term":[{"taxonomy":"category","embeddable":true,"href":"https:\/\/yogapetra.de\/en\/wp-json\/wp\/v2\/categories?post=2051"},{"taxonomy":"post_tag","embeddable":true,"href":"https:\/\/yogapetra.de\/en\/wp-json\/wp\/v2\/tags?post=2051"}],"curies":[{"name":"wp","href":"https:\/\/api.w.org\/{rel}","templated":true}]}}