{"id":2104,"date":"2023-10-26T14:59:34","date_gmt":"2023-10-26T14:59:34","guid":{"rendered":"https:\/\/yogapetra.de\/?p=2104"},"modified":"2023-10-26T14:59:36","modified_gmt":"2023-10-26T14:59:36","slug":"deine-yoga-woche-auf-mallorca-2","status":"publish","type":"post","link":"https:\/\/yogapetra.de\/en\/deine-yoga-woche-auf-mallorca-2\/","title":{"rendered":"Your Yoga Week on Mallorca"},"content":{"rendered":"<p>\n\n\n<\/p><img decoding=\"async\" src=\"https:\/\/yogapetra.de\/wp-content\/uploads\/2023\/10\/shala-1-1024x576.jpg\" alt=\"\"\/><p>\n\n\n<\/p>\n<p><span><img decoding=\"async\" alt=\"\" data-id=\"2188\" width=\"2560\" height=\"1920\" title=\"IMG_5210\" src=\"https:\/\/yogapetra.de\/wp-content\/uploads\/2023\/10\/IMG_5210-300x225.jpeg\" data-src=\"https:\/\/yogapetra.de\/wp-content\/uploads\/2023\/10\/IMG_5210-300x225.jpeg\" loading=\"lazy\" data-sizes=\"{&quot;thumbnail&quot;:{&quot;height&quot;:150,&quot;width&quot;:150,&quot;url&quot;:&quot;https:\/\/yogapetra.de\/wp-content\/uploads\/2023\/10\/IMG_5210-150x150.jpeg&quot;,&quot;orientation&quot;:&quot;landscape&quot;},&quot;medium&quot;:{&quot;height&quot;:225,&quot;width&quot;:300,&quot;url&quot;:&quot;https:\/\/yogapetra.de\/wp-content\/uploads\/2023\/10\/IMG_5210-300x225.jpeg&quot;,&quot;orientation&quot;:&quot;landscape&quot;},&quot;large&quot;:{&quot;height&quot;:768,&quot;width&quot;:1024,&quot;url&quot;:&quot;https:\/\/yogapetra.de\/wp-content\/uploads\/2023\/10\/IMG_5210-1024x768.jpeg&quot;,&quot;orientation&quot;:&quot;landscape&quot;},&quot;mailpoet_newsletter_max&quot;:{&quot;height&quot;:990,&quot;width&quot;:1320,&quot;url&quot;:&quot;https:\/\/yogapetra.de\/wp-content\/uploads\/2023\/10\/IMG_5210-1320x990.jpeg&quot;,&quot;orientation&quot;:&quot;landscape&quot;},&quot;full&quot;:{&quot;url&quot;:&quot;https:\/\/yogapetra.de\/wp-content\/uploads\/2023\/10\/IMG_5210-scaled.jpeg&quot;,&quot;height&quot;:1920,&quot;width&quot;:2560,&quot;orientation&quot;:&quot;landscape&quot;}}\"><\/span><span><img decoding=\"async\" alt=\"\" data-id=\"2192\" width=\"1920\" height=\"2560\" title=\"IMG_5100\" src=\"https:\/\/yogapetra.de\/wp-content\/uploads\/2023\/10\/IMG_5100-225x300.jpeg\" data-src=\"https:\/\/yogapetra.de\/wp-content\/uploads\/2023\/10\/IMG_5100-225x300.jpeg\" loading=\"lazy\" data-sizes=\"{&quot;thumbnail&quot;:{&quot;height&quot;:150,&quot;width&quot;:150,&quot;url&quot;:&quot;https:\/\/yogapetra.de\/wp-content\/uploads\/2023\/10\/IMG_5100-150x150.jpeg&quot;,&quot;orientation&quot;:&quot;landscape&quot;},&quot;medium&quot;:{&quot;height&quot;:300,&quot;width&quot;:225,&quot;url&quot;:&quot;https:\/\/yogapetra.de\/wp-content\/uploads\/2023\/10\/IMG_5100-225x300.jpeg&quot;,&quot;orientation&quot;:&quot;portrait&quot;},&quot;large&quot;:{&quot;height&quot;:1024,&quot;width&quot;:768,&quot;url&quot;:&quot;https:\/\/yogapetra.de\/wp-content\/uploads\/2023\/10\/IMG_5100-768x1024.jpeg&quot;,&quot;orientation&quot;:&quot;portrait&quot;},&quot;mailpoet_newsletter_max&quot;:{&quot;height&quot;:1760,&quot;width&quot;:1320,&quot;url&quot;:&quot;https:\/\/yogapetra.de\/wp-content\/uploads\/2023\/10\/IMG_5100-1320x1760.jpeg&quot;,&quot;orientation&quot;:&quot;portrait&quot;},&quot;full&quot;:{&quot;url&quot;:&quot;https:\/\/yogapetra.de\/wp-content\/uploads\/2023\/10\/IMG_5100-scaled.jpeg&quot;,&quot;height&quot;:2560,&quot;width&quot;:1920,&quot;orientation&quot;:&quot;portrait&quot;}}\"><\/span><span><img decoding=\"async\" alt=\"\" data-id=\"2196\" width=\"1920\" height=\"2560\" title=\"IMG_4972\" src=\"https:\/\/yogapetra.de\/wp-content\/uploads\/2023\/10\/IMG_4972-225x300.jpeg\" data-src=\"https:\/\/yogapetra.de\/wp-content\/uploads\/2023\/10\/IMG_4972-225x300.jpeg\" loading=\"lazy\" data-sizes=\"{&quot;thumbnail&quot;:{&quot;height&quot;:150,&quot;width&quot;:150,&quot;url&quot;:&quot;https:\/\/yogapetra.de\/wp-content\/uploads\/2023\/10\/IMG_4972-150x150.jpeg&quot;,&quot;orientation&quot;:&quot;landscape&quot;},&quot;medium&quot;:{&quot;height&quot;:300,&quot;width&quot;:225,&quot;url&quot;:&quot;https:\/\/yogapetra.de\/wp-content\/uploads\/2023\/10\/IMG_4972-225x300.jpeg&quot;,&quot;orientation&quot;:&quot;portrait&quot;},&quot;large&quot;:{&quot;height&quot;:1024,&quot;width&quot;:768,&quot;url&quot;:&quot;https:\/\/yogapetra.de\/wp-content\/uploads\/2023\/10\/IMG_4972-768x1024.jpeg&quot;,&quot;orientation&quot;:&quot;portrait&quot;},&quot;mailpoet_newsletter_max&quot;:{&quot;height&quot;:1760,&quot;width&quot;:1320,&quot;url&quot;:&quot;https:\/\/yogapetra.de\/wp-content\/uploads\/2023\/10\/IMG_4972-1320x1760.jpeg&quot;,&quot;orientation&quot;:&quot;portrait&quot;},&quot;full&quot;:{&quot;url&quot;:&quot;https:\/\/yogapetra.de\/wp-content\/uploads\/2023\/10\/IMG_4972-scaled.jpeg&quot;,&quot;height&quot;:2560,&quot;width&quot;:1920,&quot;orientation&quot;:&quot;portrait&quot;}}\"><\/span><span><img decoding=\"async\" alt=\"\" data-id=\"2172\" width=\"1080\" height=\"1080\" title=\"Yoga shala 2\" src=\"https:\/\/yogapetra.de\/wp-content\/uploads\/2023\/10\/Yoga-shala-2-300x300.jpg\" data-src=\"https:\/\/yogapetra.de\/wp-content\/uploads\/2023\/10\/Yoga-shala-2-300x300.jpg\" loading=\"lazy\" data-sizes=\"{&quot;thumbnail&quot;:{&quot;height&quot;:150,&quot;width&quot;:150,&quot;url&quot;:&quot;https:\/\/yogapetra.de\/wp-content\/uploads\/2023\/10\/Yoga-shala-2-150x150.jpg&quot;,&quot;orientation&quot;:&quot;landscape&quot;},&quot;medium&quot;:{&quot;height&quot;:300,&quot;width&quot;:300,&quot;url&quot;:&quot;https:\/\/yogapetra.de\/wp-content\/uploads\/2023\/10\/Yoga-shala-2-300x300.jpg&quot;,&quot;orientation&quot;:&quot;landscape&quot;},&quot;large&quot;:{&quot;height&quot;:1024,&quot;width&quot;:1024,&quot;url&quot;:&quot;https:\/\/yogapetra.de\/wp-content\/uploads\/2023\/10\/Yoga-shala-2-1024x1024.jpg&quot;,&quot;orientation&quot;:&quot;landscape&quot;},&quot;full&quot;:{&quot;url&quot;:&quot;https:\/\/yogapetra.de\/wp-content\/uploads\/2023\/10\/Yoga-shala-2.jpg&quot;,&quot;height&quot;:1080,&quot;width&quot;:1080,&quot;orientation&quot;:&quot;landscape&quot;}}\"><\/span><span><img decoding=\"async\" alt=\"\" data-id=\"2190\" width=\"2560\" height=\"1920\" title=\"IMG_5194\" src=\"https:\/\/yogapetra.de\/wp-content\/uploads\/2023\/10\/IMG_5194-300x225.jpeg\" data-src=\"https:\/\/yogapetra.de\/wp-content\/uploads\/2023\/10\/IMG_5194-300x225.jpeg\" loading=\"lazy\" data-sizes=\"{&quot;thumbnail&quot;:{&quot;height&quot;:150,&quot;width&quot;:150,&quot;url&quot;:&quot;https:\/\/yogapetra.de\/wp-content\/uploads\/2023\/10\/IMG_5194-150x150.jpeg&quot;,&quot;orientation&quot;:&quot;landscape&quot;},&quot;medium&quot;:{&quot;height&quot;:225,&quot;width&quot;:300,&quot;url&quot;:&quot;https:\/\/yogapetra.de\/wp-content\/uploads\/2023\/10\/IMG_5194-300x225.jpeg&quot;,&quot;orientation&quot;:&quot;landscape&quot;},&quot;large&quot;:{&quot;height&quot;:768,&quot;width&quot;:1024,&quot;url&quot;:&quot;https:\/\/yogapetra.de\/wp-content\/uploads\/2023\/10\/IMG_5194-1024x768.jpeg&quot;,&quot;orientation&quot;:&quot;landscape&quot;},&quot;mailpoet_newsletter_max&quot;:{&quot;height&quot;:990,&quot;width&quot;:1320,&quot;url&quot;:&quot;https:\/\/yogapetra.de\/wp-content\/uploads\/2023\/10\/IMG_5194-1320x990.jpeg&quot;,&quot;orientation&quot;:&quot;landscape&quot;},&quot;full&quot;:{&quot;url&quot;:&quot;https:\/\/yogapetra.de\/wp-content\/uploads\/2023\/10\/IMG_5194-scaled.jpeg&quot;,&quot;height&quot;:1920,&quot;width&quot;:2560,&quot;orientation&quot;:&quot;landscape&quot;}}\"><\/span><span><img decoding=\"async\" alt=\"\" data-id=\"2197\" width=\"1920\" height=\"2560\" title=\"IMG_4965\" src=\"https:\/\/yogapetra.de\/wp-content\/uploads\/2023\/10\/IMG_4965-225x300.jpeg\" data-src=\"https:\/\/yogapetra.de\/wp-content\/uploads\/2023\/10\/IMG_4965-225x300.jpeg\" loading=\"lazy\" data-sizes=\"{&quot;thumbnail&quot;:{&quot;height&quot;:150,&quot;width&quot;:150,&quot;url&quot;:&quot;https:\/\/yogapetra.de\/wp-content\/uploads\/2023\/10\/IMG_4965-150x150.jpeg&quot;,&quot;orientation&quot;:&quot;landscape&quot;},&quot;medium&quot;:{&quot;height&quot;:300,&quot;width&quot;:225,&quot;url&quot;:&quot;https:\/\/yogapetra.de\/wp-content\/uploads\/2023\/10\/IMG_4965-225x300.jpeg&quot;,&quot;orientation&quot;:&quot;portrait&quot;},&quot;large&quot;:{&quot;height&quot;:1024,&quot;width&quot;:768,&quot;url&quot;:&quot;https:\/\/yogapetra.de\/wp-content\/uploads\/2023\/10\/IMG_4965-768x1024.jpeg&quot;,&quot;orientation&quot;:&quot;portrait&quot;},&quot;mailpoet_newsletter_max&quot;:{&quot;height&quot;:1760,&quot;width&quot;:1320,&quot;url&quot;:&quot;https:\/\/yogapetra.de\/wp-content\/uploads\/2023\/10\/IMG_4965-1320x1760.jpeg&quot;,&quot;orientation&quot;:&quot;portrait&quot;},&quot;full&quot;:{&quot;url&quot;:&quot;https:\/\/yogapetra.de\/wp-content\/uploads\/2023\/10\/IMG_4965-scaled.jpeg&quot;,&quot;height&quot;:2560,&quot;width&quot;:1920,&quot;orientation&quot;:&quot;portrait&quot;}}\"><\/span><span><img decoding=\"async\" alt=\"\" data-id=\"2194\" width=\"1920\" height=\"2560\" title=\"IMG_8910\" src=\"https:\/\/yogapetra.de\/wp-content\/uploads\/2023\/10\/IMG_8910-225x300.jpeg\" data-src=\"https:\/\/yogapetra.de\/wp-content\/uploads\/2023\/10\/IMG_8910-225x300.jpeg\" loading=\"lazy\" data-sizes=\"{&quot;thumbnail&quot;:{&quot;height&quot;:150,&quot;width&quot;:150,&quot;url&quot;:&quot;https:\/\/yogapetra.de\/wp-content\/uploads\/2023\/10\/IMG_8910-150x150.jpeg&quot;,&quot;orientation&quot;:&quot;landscape&quot;},&quot;medium&quot;:{&quot;height&quot;:300,&quot;width&quot;:225,&quot;url&quot;:&quot;https:\/\/yogapetra.de\/wp-content\/uploads\/2023\/10\/IMG_8910-225x300.jpeg&quot;,&quot;orientation&quot;:&quot;portrait&quot;},&quot;large&quot;:{&quot;height&quot;:1024,&quot;width&quot;:768,&quot;url&quot;:&quot;https:\/\/yogapetra.de\/wp-content\/uploads\/2023\/10\/IMG_8910-768x1024.jpeg&quot;,&quot;orientation&quot;:&quot;portrait&quot;},&quot;mailpoet_newsletter_max&quot;:{&quot;height&quot;:1760,&quot;width&quot;:1320,&quot;url&quot;:&quot;https:\/\/yogapetra.de\/wp-content\/uploads\/2023\/10\/IMG_8910-1320x1760.jpeg&quot;,&quot;orientation&quot;:&quot;portrait&quot;},&quot;full&quot;:{&quot;url&quot;:&quot;https:\/\/yogapetra.de\/wp-content\/uploads\/2023\/10\/IMG_8910-scaled.jpeg&quot;,&quot;height&quot;:2560,&quot;width&quot;:1920,&quot;orientation&quot;:&quot;portrait&quot;}}\"><\/span><\/p>\n<p>Yoga und Reisen!<\/p>\n<p>Hallo liebe Yogis, ich bin auf meiner Lieblingsinsel unterwegs und m\u00f6chte gerne ein paar Eindr\u00fccke mit Euch teilen.<\/p>\n<p>Yoga und wandern auf Mallorca! Wenn Ihr mit mir gemeinsam Eure Yoga Praxis vertiefen m\u00f6chtet und die Sch\u00f6nheit der Insel entdecken wollt, kommt mit mir vom 30.03.24 bis 06.04.24 nach Mallorca.<\/p>\n<p>Alle Details zur Reise, Programm, Unterkunft, Preise ab dem 01.11.2023 auf dieser Seite!<a href=\"https:\/\/l.facebook.com\/l.php?u=http%3A%2F%2Fwww.yogapetra.de%2F%3Ffbclid%3DIwAR2kP0suSR6xJAa29RdgkElNk0VhoNsanRKNmLpnAAoyxWEYyQPtX4lNEos&amp;h=AT0KyY2amySOKiARm6Ts1K9M-qKIlPaVyia3oL3A603t9gnGAXH2zM2nfpy8UaejA3HkARHzpkrBNUXY3TYIxP2_SFDkUmxUKFtuMUTZMagIyzdMuwdEvxe9ZFoKdrxHgtCmMLvpqQ&amp;__tn__=-UK-R&amp;c[0]=AT0KCC0T9SgzKDyGyDUylOwLwIz42Xyz1LVDvGe4SXJi7JPmYEXR9TIYggAdL3DKgmTvoeCpUEukHSPwdw0qJ19t6S6K1RN1b3_x55FrysWm2nnOZGGncRElVMMmxxvpYU1k0qbmzCBlZqOjFqFwUtTbgw\" rel=\"nofollow noreferrer noopener\" tabindex=\"0\" target=\"_blank\"><\/a><\/p>\n<p>Save the date!<\/p>\n<p>Ich freu mich auf Euch !<\/p>","protected":false},"excerpt":{"rendered":"<p>Yoga und Reisen! Hallo liebe Yogis, ich bin auf meiner Lieblingsinsel unterwegs und m\u00f6chte gerne ein paar Eindr\u00fccke mit Euch teilen. Yoga und wandern auf Mallorca! Wenn Ihr mit mir gemeinsam Eure Yoga Praxis vertiefen m\u00f6chtet und die Sch\u00f6nheit der Insel entdecken wollt, kommt mit mir vom 30.03.24 bis 06.04.24 nach Mallorca. Alle Details zur [&hellip;]<\/p>\n","protected":false},"author":3,"featured_media":2186,"comment_status":"open","ping_status":"closed","sticky":false,"template":"","format":"standard","meta":{"footnotes":""},"categories":[33],"tags":[62,66,30,67],"class_list":["post-2104","post","type-post","status-publish","format-standard","has-post-thumbnail","hentry","category-yoga-und-reisen","tag-mallorca","tag-ostern","tag-reisen","tag-wandern","post-wrapper","thrv_wrapper"],"yoast_head":"<!-- This site is optimized with the Yoast SEO plugin v27.4 - https:\/\/yoast.com\/product\/yoast-seo-wordpress\/ -->\n<title>Deine Yoga Woche auf Mallorca - Yoga mit Petra<\/title>\n<meta name=\"robots\" content=\"index, follow, max-snippet:-1, max-image-preview:large, max-video-preview:-1\" \/>\n<link rel=\"canonical\" href=\"https:\/\/yogapetra.de\/en\/deine-yoga-woche-auf-mallorca-2\/\" \/>\n<meta property=\"og:locale\" content=\"en_GB\" \/>\n<meta property=\"og:type\" content=\"article\" \/>\n<meta property=\"og:title\" content=\"Deine Yoga Woche auf Mallorca - Yoga mit Petra\" \/>\n<meta property=\"og:description\" content=\"Yoga und Reisen! Hallo liebe Yogis, ich bin auf meiner Lieblingsinsel unterwegs und m\u00f6chte gerne ein paar Eindr\u00fccke mit Euch teilen. Yoga und wandern auf Mallorca! Wenn Ihr mit mir gemeinsam Eure Yoga Praxis vertiefen m\u00f6chtet und die Sch\u00f6nheit der Insel entdecken wollt, kommt mit mir vom 30.03.24 bis 06.04.24 nach Mallorca. Alle Details zur [&hellip;]\" \/>\n<meta property=\"og:url\" content=\"https:\/\/yogapetra.de\/en\/deine-yoga-woche-auf-mallorca-2\/\" \/>\n<meta property=\"og:site_name\" content=\"Yoga mit Petra\" \/>\n<meta property=\"article:published_time\" content=\"2023-10-26T14:59:34+00:00\" \/>\n<meta property=\"article:modified_time\" content=\"2023-10-26T14:59:36+00:00\" \/>\n<meta property=\"og:image\" content=\"https:\/\/yogapetra.de\/wp-content\/uploads\/2023\/10\/Entrance-pool-e1698331655399.jpeg\" \/>\n\t<meta property=\"og:image:width\" content=\"1200\" \/>\n\t<meta property=\"og:image:height\" content=\"800\" \/>\n\t<meta property=\"og:image:type\" content=\"image\/jpeg\" \/>\n<meta name=\"author\" content=\"Petra Schr\u00f6ttle\" \/>\n<meta name=\"twitter:card\" content=\"summary_large_image\" \/>\n<meta name=\"twitter:label1\" content=\"Written by\" \/>\n\t<meta name=\"twitter:data1\" content=\"Petra Schr\u00f6ttle\" \/>\n\t<meta name=\"twitter:label2\" content=\"Estimated reading time\" \/>\n\t<meta name=\"twitter:data2\" content=\"3 minutes\" \/>\n<script type=\"application\/ld+json\" class=\"yoast-schema-graph\">{\"@context\":\"https:\\\/\\\/schema.org\",\"@graph\":[{\"@type\":\"Article\",\"@id\":\"https:\\\/\\\/yogapetra.de\\\/deine-yoga-woche-auf-mallorca-2\\\/#article\",\"isPartOf\":{\"@id\":\"https:\\\/\\\/yogapetra.de\\\/deine-yoga-woche-auf-mallorca-2\\\/\"},\"author\":{\"name\":\"Petra Schr\u00f6ttle\",\"@id\":\"https:\\\/\\\/yogapetra.de\\\/#\\\/schema\\\/person\\\/bf2a75413e4ee07ed1e9a68e23504f34\"},\"headline\":\"Deine Yoga Woche auf Mallorca\",\"datePublished\":\"2023-10-26T14:59:34+00:00\",\"dateModified\":\"2023-10-26T14:59:36+00:00\",\"mainEntityOfPage\":{\"@id\":\"https:\\\/\\\/yogapetra.de\\\/deine-yoga-woche-auf-mallorca-2\\\/\"},\"wordCount\":79,\"commentCount\":0,\"image\":{\"@id\":\"https:\\\/\\\/yogapetra.de\\\/deine-yoga-woche-auf-mallorca-2\\\/#primaryimage\"},\"thumbnailUrl\":\"https:\\\/\\\/yogapetra.de\\\/wp-content\\\/uploads\\\/2023\\\/10\\\/Entrance-pool-e1698331655399.jpeg\",\"keywords\":[\"Mallorca\",\"Ostern\",\"Reisen\",\"Wandern\"],\"articleSection\":[\"Yoga und Reisen\"],\"inLanguage\":\"en-GB\",\"potentialAction\":[{\"@type\":\"CommentAction\",\"name\":\"Comment\",\"target\":[\"https:\\\/\\\/yogapetra.de\\\/deine-yoga-woche-auf-mallorca-2\\\/#respond\"]}]},{\"@type\":\"WebPage\",\"@id\":\"https:\\\/\\\/yogapetra.de\\\/deine-yoga-woche-auf-mallorca-2\\\/\",\"url\":\"https:\\\/\\\/yogapetra.de\\\/deine-yoga-woche-auf-mallorca-2\\\/\",\"name\":\"Deine Yoga Woche auf Mallorca - Yoga mit Petra\",\"isPartOf\":{\"@id\":\"https:\\\/\\\/yogapetra.de\\\/#website\"},\"primaryImageOfPage\":{\"@id\":\"https:\\\/\\\/yogapetra.de\\\/deine-yoga-woche-auf-mallorca-2\\\/#primaryimage\"},\"image\":{\"@id\":\"https:\\\/\\\/yogapetra.de\\\/deine-yoga-woche-auf-mallorca-2\\\/#primaryimage\"},\"thumbnailUrl\":\"https:\\\/\\\/yogapetra.de\\\/wp-content\\\/uploads\\\/2023\\\/10\\\/Entrance-pool-e1698331655399.jpeg\",\"datePublished\":\"2023-10-26T14:59:34+00:00\",\"dateModified\":\"2023-10-26T14:59:36+00:00\",\"author\":{\"@id\":\"https:\\\/\\\/yogapetra.de\\\/#\\\/schema\\\/person\\\/bf2a75413e4ee07ed1e9a68e23504f34\"},\"breadcrumb\":{\"@id\":\"https:\\\/\\\/yogapetra.de\\\/deine-yoga-woche-auf-mallorca-2\\\/#breadcrumb\"},\"inLanguage\":\"en-GB\",\"potentialAction\":[{\"@type\":\"ReadAction\",\"target\":[\"https:\\\/\\\/yogapetra.de\\\/deine-yoga-woche-auf-mallorca-2\\\/\"]}]},{\"@type\":\"ImageObject\",\"inLanguage\":\"en-GB\",\"@id\":\"https:\\\/\\\/yogapetra.de\\\/deine-yoga-woche-auf-mallorca-2\\\/#primaryimage\",\"url\":\"https:\\\/\\\/yogapetra.de\\\/wp-content\\\/uploads\\\/2023\\\/10\\\/Entrance-pool-e1698331655399.jpeg\",\"contentUrl\":\"https:\\\/\\\/yogapetra.de\\\/wp-content\\\/uploads\\\/2023\\\/10\\\/Entrance-pool-e1698331655399.jpeg\",\"width\":1200,\"height\":800},{\"@type\":\"BreadcrumbList\",\"@id\":\"https:\\\/\\\/yogapetra.de\\\/deine-yoga-woche-auf-mallorca-2\\\/#breadcrumb\",\"itemListElement\":[{\"@type\":\"ListItem\",\"position\":1,\"name\":\"Startseite\",\"item\":\"https:\\\/\\\/yogapetra.de\\\/\"},{\"@type\":\"ListItem\",\"position\":2,\"name\":\"Deine Yoga Woche auf Mallorca\"}]},{\"@type\":\"WebSite\",\"@id\":\"https:\\\/\\\/yogapetra.de\\\/#website\",\"url\":\"https:\\\/\\\/yogapetra.de\\\/\",\"name\":\"Yoga mit Petra\",\"description\":\"Dein Yoga in Donauw\u00f6rth\",\"potentialAction\":[{\"@type\":\"SearchAction\",\"target\":{\"@type\":\"EntryPoint\",\"urlTemplate\":\"https:\\\/\\\/yogapetra.de\\\/?s={search_term_string}\"},\"query-input\":{\"@type\":\"PropertyValueSpecification\",\"valueRequired\":true,\"valueName\":\"search_term_string\"}}],\"inLanguage\":\"en-GB\"},{\"@type\":\"Person\",\"@id\":\"https:\\\/\\\/yogapetra.de\\\/#\\\/schema\\\/person\\\/bf2a75413e4ee07ed1e9a68e23504f34\",\"name\":\"Petra Schr\u00f6ttle\",\"image\":{\"@type\":\"ImageObject\",\"inLanguage\":\"en-GB\",\"@id\":\"https:\\\/\\\/yogapetra.de\\\/wp-content\\\/litespeed\\\/avatar\\\/683b0749e777bf69b5a065af03aa7b3c.jpg?ver=1777219082\",\"url\":\"https:\\\/\\\/yogapetra.de\\\/wp-content\\\/litespeed\\\/avatar\\\/683b0749e777bf69b5a065af03aa7b3c.jpg?ver=1777219082\",\"contentUrl\":\"https:\\\/\\\/yogapetra.de\\\/wp-content\\\/litespeed\\\/avatar\\\/683b0749e777bf69b5a065af03aa7b3c.jpg?ver=1777219082\",\"caption\":\"Petra Schr\u00f6ttle\"},\"url\":\"https:\\\/\\\/yogapetra.de\\\/en\\\/author\\\/petra_6635\\\/\"}]}<\/script>\n<!-- \/ Yoast SEO plugin. -->","yoast_head_json":{"title":"Deine Yoga Woche auf Mallorca - Yoga mit Petra","robots":{"index":"index","follow":"follow","max-snippet":"max-snippet:-1","max-image-preview":"max-image-preview:large","max-video-preview":"max-video-preview:-1"},"canonical":"https:\/\/yogapetra.de\/en\/deine-yoga-woche-auf-mallorca-2\/","og_locale":"en_GB","og_type":"article","og_title":"Deine Yoga Woche auf Mallorca - Yoga mit Petra","og_description":"Yoga und Reisen! Hallo liebe Yogis, ich bin auf meiner Lieblingsinsel unterwegs und m\u00f6chte gerne ein paar Eindr\u00fccke mit Euch teilen. Yoga und wandern auf Mallorca! Wenn Ihr mit mir gemeinsam Eure Yoga Praxis vertiefen m\u00f6chtet und die Sch\u00f6nheit der Insel entdecken wollt, kommt mit mir vom 30.03.24 bis 06.04.24 nach Mallorca. Alle Details zur [&hellip;]","og_url":"https:\/\/yogapetra.de\/en\/deine-yoga-woche-auf-mallorca-2\/","og_site_name":"Yoga mit Petra","article_published_time":"2023-10-26T14:59:34+00:00","article_modified_time":"2023-10-26T14:59:36+00:00","og_image":[{"width":1200,"height":800,"url":"https:\/\/yogapetra.de\/wp-content\/uploads\/2023\/10\/Entrance-pool-e1698331655399.jpeg","type":"image\/jpeg"}],"author":"Petra Schr\u00f6ttle","twitter_card":"summary_large_image","twitter_misc":{"Written by":"Petra Schr\u00f6ttle","Estimated reading time":"3 minutes"},"schema":{"@context":"https:\/\/schema.org","@graph":[{"@type":"Article","@id":"https:\/\/yogapetra.de\/deine-yoga-woche-auf-mallorca-2\/#article","isPartOf":{"@id":"https:\/\/yogapetra.de\/deine-yoga-woche-auf-mallorca-2\/"},"author":{"name":"Petra Schr\u00f6ttle","@id":"https:\/\/yogapetra.de\/#\/schema\/person\/bf2a75413e4ee07ed1e9a68e23504f34"},"headline":"Deine Yoga Woche auf Mallorca","datePublished":"2023-10-26T14:59:34+00:00","dateModified":"2023-10-26T14:59:36+00:00","mainEntityOfPage":{"@id":"https:\/\/yogapetra.de\/deine-yoga-woche-auf-mallorca-2\/"},"wordCount":79,"commentCount":0,"image":{"@id":"https:\/\/yogapetra.de\/deine-yoga-woche-auf-mallorca-2\/#primaryimage"},"thumbnailUrl":"https:\/\/yogapetra.de\/wp-content\/uploads\/2023\/10\/Entrance-pool-e1698331655399.jpeg","keywords":["Mallorca","Ostern","Reisen","Wandern"],"articleSection":["Yoga und Reisen"],"inLanguage":"en-GB","potentialAction":[{"@type":"CommentAction","name":"Comment","target":["https:\/\/yogapetra.de\/deine-yoga-woche-auf-mallorca-2\/#respond"]}]},{"@type":"WebPage","@id":"https:\/\/yogapetra.de\/deine-yoga-woche-auf-mallorca-2\/","url":"https:\/\/yogapetra.de\/deine-yoga-woche-auf-mallorca-2\/","name":"Deine Yoga Woche auf Mallorca - Yoga mit Petra","isPartOf":{"@id":"https:\/\/yogapetra.de\/#website"},"primaryImageOfPage":{"@id":"https:\/\/yogapetra.de\/deine-yoga-woche-auf-mallorca-2\/#primaryimage"},"image":{"@id":"https:\/\/yogapetra.de\/deine-yoga-woche-auf-mallorca-2\/#primaryimage"},"thumbnailUrl":"https:\/\/yogapetra.de\/wp-content\/uploads\/2023\/10\/Entrance-pool-e1698331655399.jpeg","datePublished":"2023-10-26T14:59:34+00:00","dateModified":"2023-10-26T14:59:36+00:00","author":{"@id":"https:\/\/yogapetra.de\/#\/schema\/person\/bf2a75413e4ee07ed1e9a68e23504f34"},"breadcrumb":{"@id":"https:\/\/yogapetra.de\/deine-yoga-woche-auf-mallorca-2\/#breadcrumb"},"inLanguage":"en-GB","potentialAction":[{"@type":"ReadAction","target":["https:\/\/yogapetra.de\/deine-yoga-woche-auf-mallorca-2\/"]}]},{"@type":"ImageObject","inLanguage":"en-GB","@id":"https:\/\/yogapetra.de\/deine-yoga-woche-auf-mallorca-2\/#primaryimage","url":"https:\/\/yogapetra.de\/wp-content\/uploads\/2023\/10\/Entrance-pool-e1698331655399.jpeg","contentUrl":"https:\/\/yogapetra.de\/wp-content\/uploads\/2023\/10\/Entrance-pool-e1698331655399.jpeg","width":1200,"height":800},{"@type":"BreadcrumbList","@id":"https:\/\/yogapetra.de\/deine-yoga-woche-auf-mallorca-2\/#breadcrumb","itemListElement":[{"@type":"ListItem","position":1,"name":"Startseite","item":"https:\/\/yogapetra.de\/"},{"@type":"ListItem","position":2,"name":"Deine Yoga Woche auf Mallorca"}]},{"@type":"WebSite","@id":"https:\/\/yogapetra.de\/#website","url":"https:\/\/yogapetra.de\/","name":"Yoga with Petra","description":"Your yoga in Donauw\u00f6rth","potentialAction":[{"@type":"SearchAction","target":{"@type":"EntryPoint","urlTemplate":"https:\/\/yogapetra.de\/?s={search_term_string}"},"query-input":{"@type":"PropertyValueSpecification","valueRequired":true,"valueName":"search_term_string"}}],"inLanguage":"en-GB"},{"@type":"Person","@id":"https:\/\/yogapetra.de\/#\/schema\/person\/bf2a75413e4ee07ed1e9a68e23504f34","name":"Petra Schr\u00f6ttle","image":{"@type":"ImageObject","inLanguage":"en-GB","@id":"https:\/\/yogapetra.de\/wp-content\/litespeed\/avatar\/683b0749e777bf69b5a065af03aa7b3c.jpg?ver=1777219082","url":"https:\/\/yogapetra.de\/wp-content\/litespeed\/avatar\/683b0749e777bf69b5a065af03aa7b3c.jpg?ver=1777219082","contentUrl":"https:\/\/yogapetra.de\/wp-content\/litespeed\/avatar\/683b0749e777bf69b5a065af03aa7b3c.jpg?ver=1777219082","caption":"Petra Schr\u00f6ttle"},"url":"https:\/\/yogapetra.de\/en\/author\/petra_6635\/"}]}},"_links":{"self":[{"href":"https:\/\/yogapetra.de\/en\/wp-json\/wp\/v2\/posts\/2104","targetHints":{"allow":["GET"]}}],"collection":[{"href":"https:\/\/yogapetra.de\/en\/wp-json\/wp\/v2\/posts"}],"about":[{"href":"https:\/\/yogapetra.de\/en\/wp-json\/wp\/v2\/types\/post"}],"author":[{"embeddable":true,"href":"https:\/\/yogapetra.de\/en\/wp-json\/wp\/v2\/users\/3"}],"replies":[{"embeddable":true,"href":"https:\/\/yogapetra.de\/en\/wp-json\/wp\/v2\/comments?post=2104"}],"version-history":[{"count":8,"href":"https:\/\/yogapetra.de\/en\/wp-json\/wp\/v2\/posts\/2104\/revisions"}],"predecessor-version":[{"id":2204,"href":"https:\/\/yogapetra.de\/en\/wp-json\/wp\/v2\/posts\/2104\/revisions\/2204"}],"wp:featuredmedia":[{"embeddable":true,"href":"https:\/\/yogapetra.de\/en\/wp-json\/wp\/v2\/media\/2186"}],"wp:attachment":[{"href":"https:\/\/yogapetra.de\/en\/wp-json\/wp\/v2\/media?parent=2104"}],"wp:term":[{"taxonomy":"category","embeddable":true,"href":"https:\/\/yogapetra.de\/en\/wp-json\/wp\/v2\/categories?post=2104"},{"taxonomy":"post_tag","embeddable":true,"href":"https:\/\/yogapetra.de\/en\/wp-json\/wp\/v2\/tags?post=2104"}],"curies":[{"name":"wp","href":"https:\/\/api.w.org\/{rel}","templated":true}]}}