{"id":2379,"date":"2023-12-05T09:27:31","date_gmt":"2023-12-05T09:27:31","guid":{"rendered":"https:\/\/yogapetra.de\/?p=2379"},"modified":"2023-12-12T15:32:47","modified_gmt":"2023-12-12T15:32:47","slug":"ostern-auf-mallorca-eine-woche-yoga-retreat","status":"publish","type":"post","link":"https:\/\/yogapetra.de\/en\/ostern-auf-mallorca-eine-woche-yoga-retreat\/","title":{"rendered":"Easter in Mallorca! A week of yoga retreat!"},"content":{"rendered":"<p><\/p><img decoding=\"async\" src=\"https:\/\/yogapetra.de\/wp-content\/uploads\/2023\/12\/Entrance-pool-300x200.jpeg\" alt=\"\"\/><p><\/p><p>Easter 2024 in Mallorca.<\/p><p>Your yoga week under the sun of Mallorca. Book your place in the sun now! Expand and deepen your yoga practice, whether you are a beginner or an advanced yogi, there is something for everyone here.<\/p><p>Enjoy the beauty of the island with walks along the beach and in the mountains!&nbsp;<\/p><p>Deine Reise startete am 30.03.24 mit Deinem Flug nach Mallorca. Fl\u00fcge ab 100,00 \u20ac\/Fr\u00fchbucher z.B. Eurowings, Ryanair&#8230;<\/p><p>After you have moved into your room, we will meet at 5:00 p.m. for the first yoga session! Followed by a vegetarian dinner and a cozy get-together to get to know each other.<\/p><p>Here are further details for your week under the Spanish sun.<\/p><p>* Twice daily 90 minutes of yoga with Petra with meditation and pranayama<\/p><p>* You will share a double room with bathroom on this beautiful finca, which is reserved exclusively for us.<\/p><p>* We are spoiled daily with a colorful vegetarian breakfast and a vegetarian dinner.<\/p><p>* The price per person is 1,190.00 \u20ac<\/p><p>* The deposit of \u20ac570.00 secures your place and is due upon booking.<\/p><p>* The excursions offered are optional and not included in the price. Between the yoga sessions you have enough time to relax and enjoy yourself. You decide whether and what you want to do, depending on how you want to structure your yoga week.<\/p><p>Here are the excursions:<\/p><ul><li>I invite you to discover the beauty of the Tramontana Mountains with me on a hike.<\/li><li>A Mallorcan will let us in on the secret of traditional paella; we will prepare a paella together with him and then enjoy it.<\/li><li>A visit to a typical market will also ensure that you will remember this holiday for a long time.<\/li><li>Vielleicht wagst Du einen Sprung in blaue Mittelmeer nach einem Strandspaziergang am sch\u00f6nsten Strand Mallorcas.* Die angebotenen Ausfl\u00fcge sind optional und nicht im Preis enthalten. Zwischen den Yoga Sessions hast Du gen\u00fcgend Zeit zum entspannen und genie\u00dfen, Du entscheidest, ob und was Du mitmachen willst, je nachdem wie Du Deine Yoga Woche gestalten m\u00f6chtest.<\/li><\/ul><p align=\"left\">I will be happy to help you choose your flight or rental car!&nbsp;<\/p><p align=\"left\">Auch beantworte ich Dir gern alle anderen Fragen betreffend Deiner Yogawoche auf Mallorca. <\/p><p align=\"left\">Just write me an email:&nbsp;<a href=\"mailto:yoga@yogapetra.de\" style=\"outline: currentcolor;\">yoga@yogapetra.de<\/a><\/p><p align=\"left\">or WhatsApp :&nbsp;<a href=\"https:\/\/wa.me\/491726414909\/?text=Yogawoche%20Mallorca:%20\" target=\"_blank\" style=\"outline: currentcolor;\" rel=\"noopener\">+49 (0) 172 6414 909<\/a><\/p>","protected":false},"excerpt":{"rendered":"<p>Easter in Mallorca! A week-long yoga retreat!<\/p>","protected":false},"author":3,"featured_media":2326,"comment_status":"open","ping_status":"closed","sticky":false,"template":"","format":"standard","meta":{"footnotes":""},"categories":[68],"tags":[],"class_list":["post-2379","post","type-post","status-publish","format-standard","has-post-thumbnail","hentry","category-yoga-auf-mallorca","post-wrapper","thrv_wrapper"],"yoast_head":"<!-- This site is optimized with the Yoast SEO plugin v27.4 - https:\/\/yoast.com\/product\/yoast-seo-wordpress\/ -->\n<title>Ostern auf Mallorca! Eine Woche Yoga Retreat! - Yoga mit Petra<\/title>\n<meta name=\"description\" content=\"Ostern auf Mallorca. Deine Yogawoche unter der Sonne Mallorcas. Buche jetzt Deinen Platz an der Sonne! Erweitere und vertiefe Deine Yogapraxis, genie\u00dfe die Sch\u00f6nheit der Insel bei Spazierg\u00e4ngen am Strand...\" \/>\n<meta name=\"robots\" content=\"index, follow, max-snippet:-1, max-image-preview:large, max-video-preview:-1\" \/>\n<link rel=\"canonical\" href=\"https:\/\/yogapetra.de\/en\/ostern-auf-mallorca-eine-woche-yoga-retreat\/\" \/>\n<meta property=\"og:locale\" content=\"en_GB\" \/>\n<meta property=\"og:type\" content=\"article\" \/>\n<meta property=\"og:title\" content=\"Ostern auf Mallorca! Eine Woche Yoga Retreat! - Yoga mit Petra\" \/>\n<meta property=\"og:description\" content=\"Ostern auf Mallorca. Deine Yogawoche unter der Sonne Mallorcas. Buche jetzt Deinen Platz an der Sonne! Erweitere und vertiefe Deine Yogapraxis, genie\u00dfe die Sch\u00f6nheit der Insel bei Spazierg\u00e4ngen am Strand...\" \/>\n<meta property=\"og:url\" content=\"https:\/\/yogapetra.de\/en\/ostern-auf-mallorca-eine-woche-yoga-retreat\/\" \/>\n<meta property=\"og:site_name\" content=\"Yoga mit Petra\" \/>\n<meta property=\"article:published_time\" content=\"2023-12-05T09:27:31+00:00\" \/>\n<meta property=\"article:modified_time\" content=\"2023-12-12T15:32:47+00:00\" \/>\n<meta property=\"og:image\" content=\"https:\/\/yogapetra.de\/wp-content\/uploads\/2023\/11\/IMG_5326-scaled.jpeg\" \/>\n\t<meta property=\"og:image:width\" content=\"2560\" \/>\n\t<meta property=\"og:image:height\" content=\"1920\" \/>\n\t<meta property=\"og:image:type\" content=\"image\/jpeg\" \/>\n<meta name=\"author\" content=\"Petra Schr\u00f6ttle\" \/>\n<meta name=\"twitter:card\" content=\"summary_large_image\" \/>\n<meta name=\"twitter:label1\" content=\"Written by\" \/>\n\t<meta name=\"twitter:data1\" content=\"Petra Schr\u00f6ttle\" \/>\n\t<meta name=\"twitter:label2\" content=\"Estimated reading time\" \/>\n\t<meta name=\"twitter:data2\" content=\"3 minutes\" \/>\n<script type=\"application\/ld+json\" class=\"yoast-schema-graph\">{\"@context\":\"https:\\\/\\\/schema.org\",\"@graph\":[{\"@type\":\"Article\",\"@id\":\"https:\\\/\\\/yogapetra.de\\\/ostern-auf-mallorca-eine-woche-yoga-retreat\\\/#article\",\"isPartOf\":{\"@id\":\"https:\\\/\\\/yogapetra.de\\\/ostern-auf-mallorca-eine-woche-yoga-retreat\\\/\"},\"author\":{\"name\":\"Petra Schr\u00f6ttle\",\"@id\":\"https:\\\/\\\/yogapetra.de\\\/#\\\/schema\\\/person\\\/bf2a75413e4ee07ed1e9a68e23504f34\"},\"headline\":\"Ostern auf Mallorca! Eine Woche Yoga Retreat!\",\"datePublished\":\"2023-12-05T09:27:31+00:00\",\"dateModified\":\"2023-12-12T15:32:47+00:00\",\"mainEntityOfPage\":{\"@id\":\"https:\\\/\\\/yogapetra.de\\\/ostern-auf-mallorca-eine-woche-yoga-retreat\\\/\"},\"wordCount\":387,\"commentCount\":0,\"image\":{\"@id\":\"https:\\\/\\\/yogapetra.de\\\/ostern-auf-mallorca-eine-woche-yoga-retreat\\\/#primaryimage\"},\"thumbnailUrl\":\"https:\\\/\\\/yogapetra.de\\\/wp-content\\\/uploads\\\/2023\\\/11\\\/IMG_5326-scaled.jpeg\",\"articleSection\":[\"Yoga Auf Mallorca\"],\"inLanguage\":\"en-GB\",\"potentialAction\":[{\"@type\":\"CommentAction\",\"name\":\"Comment\",\"target\":[\"https:\\\/\\\/yogapetra.de\\\/ostern-auf-mallorca-eine-woche-yoga-retreat\\\/#respond\"]}]},{\"@type\":\"WebPage\",\"@id\":\"https:\\\/\\\/yogapetra.de\\\/ostern-auf-mallorca-eine-woche-yoga-retreat\\\/\",\"url\":\"https:\\\/\\\/yogapetra.de\\\/ostern-auf-mallorca-eine-woche-yoga-retreat\\\/\",\"name\":\"Ostern auf Mallorca! Eine Woche Yoga Retreat! - Yoga mit Petra\",\"isPartOf\":{\"@id\":\"https:\\\/\\\/yogapetra.de\\\/#website\"},\"primaryImageOfPage\":{\"@id\":\"https:\\\/\\\/yogapetra.de\\\/ostern-auf-mallorca-eine-woche-yoga-retreat\\\/#primaryimage\"},\"image\":{\"@id\":\"https:\\\/\\\/yogapetra.de\\\/ostern-auf-mallorca-eine-woche-yoga-retreat\\\/#primaryimage\"},\"thumbnailUrl\":\"https:\\\/\\\/yogapetra.de\\\/wp-content\\\/uploads\\\/2023\\\/11\\\/IMG_5326-scaled.jpeg\",\"datePublished\":\"2023-12-05T09:27:31+00:00\",\"dateModified\":\"2023-12-12T15:32:47+00:00\",\"author\":{\"@id\":\"https:\\\/\\\/yogapetra.de\\\/#\\\/schema\\\/person\\\/bf2a75413e4ee07ed1e9a68e23504f34\"},\"description\":\"Ostern auf Mallorca. Deine Yogawoche unter der Sonne Mallorcas. Buche jetzt Deinen Platz an der Sonne! Erweitere und vertiefe Deine Yogapraxis, genie\u00dfe die Sch\u00f6nheit der Insel bei Spazierg\u00e4ngen am Strand...\",\"breadcrumb\":{\"@id\":\"https:\\\/\\\/yogapetra.de\\\/ostern-auf-mallorca-eine-woche-yoga-retreat\\\/#breadcrumb\"},\"inLanguage\":\"en-GB\",\"potentialAction\":[{\"@type\":\"ReadAction\",\"target\":[\"https:\\\/\\\/yogapetra.de\\\/ostern-auf-mallorca-eine-woche-yoga-retreat\\\/\"]}]},{\"@type\":\"ImageObject\",\"inLanguage\":\"en-GB\",\"@id\":\"https:\\\/\\\/yogapetra.de\\\/ostern-auf-mallorca-eine-woche-yoga-retreat\\\/#primaryimage\",\"url\":\"https:\\\/\\\/yogapetra.de\\\/wp-content\\\/uploads\\\/2023\\\/11\\\/IMG_5326-scaled.jpeg\",\"contentUrl\":\"https:\\\/\\\/yogapetra.de\\\/wp-content\\\/uploads\\\/2023\\\/11\\\/IMG_5326-scaled.jpeg\",\"width\":2560,\"height\":1920},{\"@type\":\"BreadcrumbList\",\"@id\":\"https:\\\/\\\/yogapetra.de\\\/ostern-auf-mallorca-eine-woche-yoga-retreat\\\/#breadcrumb\",\"itemListElement\":[{\"@type\":\"ListItem\",\"position\":1,\"name\":\"Startseite\",\"item\":\"https:\\\/\\\/yogapetra.de\\\/\"},{\"@type\":\"ListItem\",\"position\":2,\"name\":\"Ostern auf Mallorca! Eine Woche Yoga Retreat!\"}]},{\"@type\":\"WebSite\",\"@id\":\"https:\\\/\\\/yogapetra.de\\\/#website\",\"url\":\"https:\\\/\\\/yogapetra.de\\\/\",\"name\":\"Yoga mit Petra\",\"description\":\"Dein Yoga in Donauw\u00f6rth\",\"potentialAction\":[{\"@type\":\"SearchAction\",\"target\":{\"@type\":\"EntryPoint\",\"urlTemplate\":\"https:\\\/\\\/yogapetra.de\\\/?s={search_term_string}\"},\"query-input\":{\"@type\":\"PropertyValueSpecification\",\"valueRequired\":true,\"valueName\":\"search_term_string\"}}],\"inLanguage\":\"en-GB\"},{\"@type\":\"Person\",\"@id\":\"https:\\\/\\\/yogapetra.de\\\/#\\\/schema\\\/person\\\/bf2a75413e4ee07ed1e9a68e23504f34\",\"name\":\"Petra Schr\u00f6ttle\",\"image\":{\"@type\":\"ImageObject\",\"inLanguage\":\"en-GB\",\"@id\":\"https:\\\/\\\/yogapetra.de\\\/wp-content\\\/litespeed\\\/avatar\\\/683b0749e777bf69b5a065af03aa7b3c.jpg?ver=1777219082\",\"url\":\"https:\\\/\\\/yogapetra.de\\\/wp-content\\\/litespeed\\\/avatar\\\/683b0749e777bf69b5a065af03aa7b3c.jpg?ver=1777219082\",\"contentUrl\":\"https:\\\/\\\/yogapetra.de\\\/wp-content\\\/litespeed\\\/avatar\\\/683b0749e777bf69b5a065af03aa7b3c.jpg?ver=1777219082\",\"caption\":\"Petra Schr\u00f6ttle\"},\"url\":\"https:\\\/\\\/yogapetra.de\\\/en\\\/author\\\/petra_6635\\\/\"}]}<\/script>\n<!-- \/ Yoast SEO plugin. -->","yoast_head_json":{"title":"Ostern auf Mallorca! Eine Woche Yoga Retreat! - Yoga mit Petra","description":"Ostern auf Mallorca. Deine Yogawoche unter der Sonne Mallorcas. Buche jetzt Deinen Platz an der Sonne! Erweitere und vertiefe Deine Yogapraxis, genie\u00dfe die Sch\u00f6nheit der Insel bei Spazierg\u00e4ngen am Strand...","robots":{"index":"index","follow":"follow","max-snippet":"max-snippet:-1","max-image-preview":"max-image-preview:large","max-video-preview":"max-video-preview:-1"},"canonical":"https:\/\/yogapetra.de\/en\/ostern-auf-mallorca-eine-woche-yoga-retreat\/","og_locale":"en_GB","og_type":"article","og_title":"Ostern auf Mallorca! Eine Woche Yoga Retreat! - Yoga mit Petra","og_description":"Ostern auf Mallorca. Deine Yogawoche unter der Sonne Mallorcas. Buche jetzt Deinen Platz an der Sonne! Erweitere und vertiefe Deine Yogapraxis, genie\u00dfe die Sch\u00f6nheit der Insel bei Spazierg\u00e4ngen am Strand...","og_url":"https:\/\/yogapetra.de\/en\/ostern-auf-mallorca-eine-woche-yoga-retreat\/","og_site_name":"Yoga mit Petra","article_published_time":"2023-12-05T09:27:31+00:00","article_modified_time":"2023-12-12T15:32:47+00:00","og_image":[{"width":2560,"height":1920,"url":"https:\/\/yogapetra.de\/wp-content\/uploads\/2023\/11\/IMG_5326-scaled.jpeg","type":"image\/jpeg"}],"author":"Petra Schr\u00f6ttle","twitter_card":"summary_large_image","twitter_misc":{"Written by":"Petra Schr\u00f6ttle","Estimated reading time":"3 minutes"},"schema":{"@context":"https:\/\/schema.org","@graph":[{"@type":"Article","@id":"https:\/\/yogapetra.de\/ostern-auf-mallorca-eine-woche-yoga-retreat\/#article","isPartOf":{"@id":"https:\/\/yogapetra.de\/ostern-auf-mallorca-eine-woche-yoga-retreat\/"},"author":{"name":"Petra Schr\u00f6ttle","@id":"https:\/\/yogapetra.de\/#\/schema\/person\/bf2a75413e4ee07ed1e9a68e23504f34"},"headline":"Ostern auf Mallorca! Eine Woche Yoga Retreat!","datePublished":"2023-12-05T09:27:31+00:00","dateModified":"2023-12-12T15:32:47+00:00","mainEntityOfPage":{"@id":"https:\/\/yogapetra.de\/ostern-auf-mallorca-eine-woche-yoga-retreat\/"},"wordCount":387,"commentCount":0,"image":{"@id":"https:\/\/yogapetra.de\/ostern-auf-mallorca-eine-woche-yoga-retreat\/#primaryimage"},"thumbnailUrl":"https:\/\/yogapetra.de\/wp-content\/uploads\/2023\/11\/IMG_5326-scaled.jpeg","articleSection":["Yoga Auf Mallorca"],"inLanguage":"en-GB","potentialAction":[{"@type":"CommentAction","name":"Comment","target":["https:\/\/yogapetra.de\/ostern-auf-mallorca-eine-woche-yoga-retreat\/#respond"]}]},{"@type":"WebPage","@id":"https:\/\/yogapetra.de\/ostern-auf-mallorca-eine-woche-yoga-retreat\/","url":"https:\/\/yogapetra.de\/ostern-auf-mallorca-eine-woche-yoga-retreat\/","name":"Ostern auf Mallorca! Eine Woche Yoga Retreat! - Yoga mit Petra","isPartOf":{"@id":"https:\/\/yogapetra.de\/#website"},"primaryImageOfPage":{"@id":"https:\/\/yogapetra.de\/ostern-auf-mallorca-eine-woche-yoga-retreat\/#primaryimage"},"image":{"@id":"https:\/\/yogapetra.de\/ostern-auf-mallorca-eine-woche-yoga-retreat\/#primaryimage"},"thumbnailUrl":"https:\/\/yogapetra.de\/wp-content\/uploads\/2023\/11\/IMG_5326-scaled.jpeg","datePublished":"2023-12-05T09:27:31+00:00","dateModified":"2023-12-12T15:32:47+00:00","author":{"@id":"https:\/\/yogapetra.de\/#\/schema\/person\/bf2a75413e4ee07ed1e9a68e23504f34"},"description":"Ostern auf Mallorca. Deine Yogawoche unter der Sonne Mallorcas. Buche jetzt Deinen Platz an der Sonne! Erweitere und vertiefe Deine Yogapraxis, genie\u00dfe die Sch\u00f6nheit der Insel bei Spazierg\u00e4ngen am Strand...","breadcrumb":{"@id":"https:\/\/yogapetra.de\/ostern-auf-mallorca-eine-woche-yoga-retreat\/#breadcrumb"},"inLanguage":"en-GB","potentialAction":[{"@type":"ReadAction","target":["https:\/\/yogapetra.de\/ostern-auf-mallorca-eine-woche-yoga-retreat\/"]}]},{"@type":"ImageObject","inLanguage":"en-GB","@id":"https:\/\/yogapetra.de\/ostern-auf-mallorca-eine-woche-yoga-retreat\/#primaryimage","url":"https:\/\/yogapetra.de\/wp-content\/uploads\/2023\/11\/IMG_5326-scaled.jpeg","contentUrl":"https:\/\/yogapetra.de\/wp-content\/uploads\/2023\/11\/IMG_5326-scaled.jpeg","width":2560,"height":1920},{"@type":"BreadcrumbList","@id":"https:\/\/yogapetra.de\/ostern-auf-mallorca-eine-woche-yoga-retreat\/#breadcrumb","itemListElement":[{"@type":"ListItem","position":1,"name":"Startseite","item":"https:\/\/yogapetra.de\/"},{"@type":"ListItem","position":2,"name":"Ostern auf Mallorca! Eine Woche Yoga Retreat!"}]},{"@type":"WebSite","@id":"https:\/\/yogapetra.de\/#website","url":"https:\/\/yogapetra.de\/","name":"Yoga with Petra","description":"Your yoga in Donauw\u00f6rth","potentialAction":[{"@type":"SearchAction","target":{"@type":"EntryPoint","urlTemplate":"https:\/\/yogapetra.de\/?s={search_term_string}"},"query-input":{"@type":"PropertyValueSpecification","valueRequired":true,"valueName":"search_term_string"}}],"inLanguage":"en-GB"},{"@type":"Person","@id":"https:\/\/yogapetra.de\/#\/schema\/person\/bf2a75413e4ee07ed1e9a68e23504f34","name":"Petra Schr\u00f6ttle","image":{"@type":"ImageObject","inLanguage":"en-GB","@id":"https:\/\/yogapetra.de\/wp-content\/litespeed\/avatar\/683b0749e777bf69b5a065af03aa7b3c.jpg?ver=1777219082","url":"https:\/\/yogapetra.de\/wp-content\/litespeed\/avatar\/683b0749e777bf69b5a065af03aa7b3c.jpg?ver=1777219082","contentUrl":"https:\/\/yogapetra.de\/wp-content\/litespeed\/avatar\/683b0749e777bf69b5a065af03aa7b3c.jpg?ver=1777219082","caption":"Petra Schr\u00f6ttle"},"url":"https:\/\/yogapetra.de\/en\/author\/petra_6635\/"}]}},"_links":{"self":[{"href":"https:\/\/yogapetra.de\/en\/wp-json\/wp\/v2\/posts\/2379","targetHints":{"allow":["GET"]}}],"collection":[{"href":"https:\/\/yogapetra.de\/en\/wp-json\/wp\/v2\/posts"}],"about":[{"href":"https:\/\/yogapetra.de\/en\/wp-json\/wp\/v2\/types\/post"}],"author":[{"embeddable":true,"href":"https:\/\/yogapetra.de\/en\/wp-json\/wp\/v2\/users\/3"}],"replies":[{"embeddable":true,"href":"https:\/\/yogapetra.de\/en\/wp-json\/wp\/v2\/comments?post=2379"}],"version-history":[{"count":9,"href":"https:\/\/yogapetra.de\/en\/wp-json\/wp\/v2\/posts\/2379\/revisions"}],"predecessor-version":[{"id":2410,"href":"https:\/\/yogapetra.de\/en\/wp-json\/wp\/v2\/posts\/2379\/revisions\/2410"}],"wp:featuredmedia":[{"embeddable":true,"href":"https:\/\/yogapetra.de\/en\/wp-json\/wp\/v2\/media\/2326"}],"wp:attachment":[{"href":"https:\/\/yogapetra.de\/en\/wp-json\/wp\/v2\/media?parent=2379"}],"wp:term":[{"taxonomy":"category","embeddable":true,"href":"https:\/\/yogapetra.de\/en\/wp-json\/wp\/v2\/categories?post=2379"},{"taxonomy":"post_tag","embeddable":true,"href":"https:\/\/yogapetra.de\/en\/wp-json\/wp\/v2\/tags?post=2379"}],"curies":[{"name":"wp","href":"https:\/\/api.w.org\/{rel}","templated":true}]}}